{"id":52188,"date":"2022-03-07T15:28:23","date_gmt":"2022-03-07T18:28:23","guid":{"rendered":"https:\/\/portalmovil.com.ar\/?p=52188"},"modified":"2022-03-07T15:28:26","modified_gmt":"2022-03-07T18:28:26","slug":"el-tiempo-aviso-a-corto-plazo-por-tormentas-fuertes-con-lluvias-intensas-2","status":"publish","type":"post","link":"https:\/\/portalmovil.com.ar\/index.php\/2022\/03\/07\/el-tiempo-aviso-a-corto-plazo-por-tormentas-fuertes-con-lluvias-intensas-2\/","title":{"rendered":"El tiempo: aviso a corto plazo por tormentas fuertes con lluvias intensas"},"content":{"rendered":"\n<p>El Servicio Meteorol\u00f3gico Nacional (SMN) emiti\u00f3 un aviso a corto plazo por posibles &nbsp;tormentas fuertes con lluvias intensas, r\u00e1fagas y ocasional ca\u00edda de granizo en el Este de la provincia del Chaco. El alerta incluye a los departamentos San Fernando y Tapenag\u00e1 en territorio provincial. El aviso fue emitido a las 14,05 de este lunes 7 y tiene validez hasta dos horas desde la emisi\u00f3n.<\/p>\n\n\n\n<p><strong>Medidas de protecci\u00f3n:<\/strong>&nbsp;1- Permanec\u00e9 en construcciones cerradas como casas, escuelas o edificios p\u00fablicos. 2- Asegur\u00e1 los objetos que puedan ser arrojados por el viento. 3- Mantenete alejado de los \u00e1rboles, ya que la fuerza del viento podr\u00eda quebrar alguna de sus ramas 4- Mantenete alejado de artefactos el\u00e9ctricos y evit\u00e1 el uso de tel\u00e9fonos con cable. 5- Evit\u00e1 circular por calles inundadas o afectadas. 6- Si hay riesgo de que el agua ingrese en tu casa, cort\u00e1 el suministro el\u00e9ctrico. 7- Evit\u00e1 actividades al aire libre. 8- Para minimizar el riesgo de ser alcanzado por un rayo, no permanezcas en playas, r\u00edos, lagunas o piletas.<\/p>\n\n\n\n<p>Los fen\u00f3menos indicados en el ACP fueron detectados con radares meteorol\u00f3gicos.<\/p>\n","protected":false},"excerpt":{"rendered":"<p>El Servicio Meteorol\u00f3gico Nacional (SMN) emiti\u00f3 un aviso a corto plazo por posibles &nbsp;tormentas fuertes con lluvias intensas, r\u00e1fagas y ocasional ca\u00edda de granizo en el Este de la provincia del Chaco. El alerta incluye a los departamentos San Fernando y Tapenag\u00e1 en territorio provincial. El aviso fue emitido a las 14,05 de este lunes &hellip;<\/p>\n","protected":false},"author":2,"featured_media":46132,"comment_status":"open","ping_status":"open","sticky":false,"template":"","format":"standard","meta":{"_jetpack_memberships_contains_paid_content":false,"footnotes":"","jetpack_publicize_message":"","jetpack_publicize_feature_enabled":true,"jetpack_social_post_already_shared":true,"jetpack_social_options":{"image_generator_settings":{"template":"highway","default_image_id":0,"font":"","enabled":false},"version":2}},"categories":[28,5],"tags":[],"class_list":["post-52188","post","type-post","status-publish","format-standard","has-post-thumbnail","hentry","category-actualidad","category-chaco"],"jetpack_publicize_connections":[],"jetpack_featured_media_url":"https:\/\/portalmovil.com.ar\/wp-content\/uploads\/2021\/12\/lluviaauto-696x464-1.jpg","jetpack_sharing_enabled":true,"amp_enabled":true,"_links":{"self":[{"href":"https:\/\/portalmovil.com.ar\/index.php\/wp-json\/wp\/v2\/posts\/52188","targetHints":{"allow":["GET"]}}],"collection":[{"href":"https:\/\/portalmovil.com.ar\/index.php\/wp-json\/wp\/v2\/posts"}],"about":[{"href":"https:\/\/portalmovil.com.ar\/index.php\/wp-json\/wp\/v2\/types\/post"}],"author":[{"embeddable":true,"href":"https:\/\/portalmovil.com.ar\/index.php\/wp-json\/wp\/v2\/users\/2"}],"replies":[{"embeddable":true,"href":"https:\/\/portalmovil.com.ar\/index.php\/wp-json\/wp\/v2\/comments?post=52188"}],"version-history":[{"count":1,"href":"https:\/\/portalmovil.com.ar\/index.php\/wp-json\/wp\/v2\/posts\/52188\/revisions"}],"predecessor-version":[{"id":52189,"href":"https:\/\/portalmovil.com.ar\/index.php\/wp-json\/wp\/v2\/posts\/52188\/revisions\/52189"}],"wp:featuredmedia":[{"embeddable":true,"href":"https:\/\/portalmovil.com.ar\/index.php\/wp-json\/wp\/v2\/media\/46132"}],"wp:attachment":[{"href":"https:\/\/portalmovil.com.ar\/index.php\/wp-json\/wp\/v2\/media?parent=52188"}],"wp:term":[{"taxonomy":"category","embeddable":true,"href":"https:\/\/portalmovil.com.ar\/index.php\/wp-json\/wp\/v2\/categories?post=52188"},{"taxonomy":"post_tag","embeddable":true,"href":"https:\/\/portalmovil.com.ar\/index.php\/wp-json\/wp\/v2\/tags?post=52188"}],"curies":[{"name":"wp","href":"https:\/\/api.w.org\/{rel}","templated":true}]}}