{"id":5195,"date":"2020-04-15T15:51:20","date_gmt":"2020-04-15T18:51:20","guid":{"rendered":"http:\/\/portalmovil.com.ar\/?p=5195"},"modified":"2020-04-15T15:51:24","modified_gmt":"2020-04-15T18:51:24","slug":"cordoba-el-kempes-reacondicionado-para-recibir-a-pacientes-en-aislamiento","status":"publish","type":"post","link":"https:\/\/portalmovil.com.ar\/index.php\/2020\/04\/15\/cordoba-el-kempes-reacondicionado-para-recibir-a-pacientes-en-aislamiento\/","title":{"rendered":"C\u00d3RDOBA: El Kempes, reacondicionado para recibir a pacientes en aislamiento"},"content":{"rendered":"\n<p>El estadio<strong>\u00a0Mario Alberto Kempes,<\/strong>\u00a0de la provincia de\u00a0<strong>C\u00f3rdoba<\/strong>, fue reacondicionado con el objetivo de recibir a personas que hayan superado el\u00a0<strong>coronavirus\u00a0<\/strong>y necesiten permanecer aisladas.<\/p>\n\n\n\n<p>La readecuaci\u00f3n de las instalaciones del estadio cordob\u00e9s se dio en el sector de gimnasios, en donde se han instalado\u00a0<strong>115 camas y un dispositivo sanitario.<\/strong><\/p>\n\n\n\n<figure class=\"wp-block-embed-twitter wp-block-embed is-type-rich is-provider-twitter\"><div class=\"wp-block-embed__wrapper\">\n<div class=\"embed-twitter\"><blockquote class=\"twitter-tweet\" data-width=\"500\" data-dnt=\"true\"><p lang=\"es\" dir=\"ltr\">El gobernador <a href=\"https:\/\/twitter.com\/JSchiaretti?ref_src=twsrc%5Etfw\">@JSchiaretti<\/a> recorri\u00f3 el centro de aislamiento preparado en el estadio Kempes. Aqu\u00ed reacondicionamos los espacios para disponer de 160 camas para pacientes que hayan superado el <a href=\"https:\/\/twitter.com\/hashtag\/coronavirus?src=hash&amp;ref_src=twsrc%5Etfw\">#coronavirus<\/a> y no tengan lugar para cumplimentar el tratamiento ambulatorio posterior. <a href=\"https:\/\/t.co\/KaYAUTvu1C\">pic.twitter.com\/KaYAUTvu1C<\/a><\/p>&mdash; Gobierno de C\u00f3rdoba (@gobdecordoba) <a href=\"https:\/\/twitter.com\/gobdecordoba\/status\/1250220653363544072?ref_src=twsrc%5Etfw\">April 15, 2020<\/a><\/blockquote><script async src=\"https:\/\/platform.twitter.com\/widgets.js\" charset=\"utf-8\"><\/script><\/div>\n<\/div><\/figure>\n\n\n\n<p>Hasta el momento se han colocado 53 camas en el gimnasio sur; 48 en el norte y 14 m\u00e1s en la zona en que funcionaba la sala de conferencias de prensa.<\/p>\n\n\n\n<p>Los potenciales pacientes podr\u00e1n disponer de los vestuarios y ba\u00f1os del complejo deportivo, y adem\u00e1s se les brindar\u00e1 alimentaci\u00f3n hasta que reciban el alta definitiva.<\/p>\n","protected":false},"excerpt":{"rendered":"<p>El estadio\u00a0Mario Alberto Kempes,\u00a0de la provincia de\u00a0C\u00f3rdoba, fue reacondicionado con el objetivo de recibir a personas que hayan superado el\u00a0coronavirus\u00a0y necesiten permanecer aisladas. La readecuaci\u00f3n de las instalaciones del estadio cordob\u00e9s se dio en el sector de gimnasios, en donde se han instalado\u00a0115 camas y un dispositivo sanitario. El gobernador @JSchiaretti recorri\u00f3 el centro de &hellip;<\/p>\n","protected":false},"author":2,"featured_media":5196,"comment_status":"open","ping_status":"open","sticky":false,"template":"","format":"standard","meta":{"_jetpack_memberships_contains_paid_content":false,"footnotes":"","jetpack_publicize_message":"","jetpack_publicize_feature_enabled":true,"jetpack_social_post_already_shared":true,"jetpack_social_options":{"image_generator_settings":{"template":"highway","default_image_id":0,"font":"","enabled":false},"version":2}},"categories":[14,3],"tags":[],"class_list":["post-5195","post","type-post","status-publish","format-standard","has-post-thumbnail","hentry","category-politica","category-sociedad"],"jetpack_publicize_connections":[],"jetpack_featured_media_url":"https:\/\/portalmovil.com.ar\/wp-content\/uploads\/2020\/04\/multimedia.normal.a1cdb355edf79f4c.7363686961726574746920636f6e2063616d70616e6120656e20656c206b656d5f6e6f726d616c2e6a706567-660x330-1.jpg","jetpack_sharing_enabled":true,"amp_enabled":true,"_links":{"self":[{"href":"https:\/\/portalmovil.com.ar\/index.php\/wp-json\/wp\/v2\/posts\/5195","targetHints":{"allow":["GET"]}}],"collection":[{"href":"https:\/\/portalmovil.com.ar\/index.php\/wp-json\/wp\/v2\/posts"}],"about":[{"href":"https:\/\/portalmovil.com.ar\/index.php\/wp-json\/wp\/v2\/types\/post"}],"author":[{"embeddable":true,"href":"https:\/\/portalmovil.com.ar\/index.php\/wp-json\/wp\/v2\/users\/2"}],"replies":[{"embeddable":true,"href":"https:\/\/portalmovil.com.ar\/index.php\/wp-json\/wp\/v2\/comments?post=5195"}],"version-history":[{"count":1,"href":"https:\/\/portalmovil.com.ar\/index.php\/wp-json\/wp\/v2\/posts\/5195\/revisions"}],"predecessor-version":[{"id":5197,"href":"https:\/\/portalmovil.com.ar\/index.php\/wp-json\/wp\/v2\/posts\/5195\/revisions\/5197"}],"wp:featuredmedia":[{"embeddable":true,"href":"https:\/\/portalmovil.com.ar\/index.php\/wp-json\/wp\/v2\/media\/5196"}],"wp:attachment":[{"href":"https:\/\/portalmovil.com.ar\/index.php\/wp-json\/wp\/v2\/media?parent=5195"}],"wp:term":[{"taxonomy":"category","embeddable":true,"href":"https:\/\/portalmovil.com.ar\/index.php\/wp-json\/wp\/v2\/categories?post=5195"},{"taxonomy":"post_tag","embeddable":true,"href":"https:\/\/portalmovil.com.ar\/index.php\/wp-json\/wp\/v2\/tags?post=5195"}],"curies":[{"name":"wp","href":"https:\/\/api.w.org\/{rel}","templated":true}]}}