{"id":51745,"date":"2022-02-28T12:02:23","date_gmt":"2022-02-28T15:02:23","guid":{"rendered":"https:\/\/portalmovil.com.ar\/?p=51745"},"modified":"2022-02-28T12:03:01","modified_gmt":"2022-02-28T15:03:01","slug":"ante-la-onu-argentina-finalmente-condeno-la-invasion-de-rusia-a-ucrania","status":"publish","type":"post","link":"https:\/\/portalmovil.com.ar\/index.php\/2022\/02\/28\/ante-la-onu-argentina-finalmente-condeno-la-invasion-de-rusia-a-ucrania\/","title":{"rendered":"Ante la ONU, Argentina finalmente conden\u00f3 la invasi\u00f3n de Rusia a Ucrania"},"content":{"rendered":"\n<p>Este lunes, el canciller Santiago Cafiero se pronunci\u00f3 en contra de la invasi\u00f3n rusa durante el inicio del 49\u00b0 periodo de sesiones del Consejo de Derechos Humanos de Naciones Unidas, en Ginebra, presidida por el embajador argentino Federico Villegas.<\/p>\n\n\n\n<p>En el quinto d\u00eda de ataques contra Ucrania, el Gobierno argentino finalmente conden\u00f3 el proceder ruso de forma categ\u00f3rica y pidi\u00f3 que \u00abcese inmediatamente el uso de la fuerza\u00bb.&nbsp;<\/p>\n\n\n\n<p>\u00abLa Argentina reitera a la Federaci\u00f3n de Rusia que cese inmediatamente en el uso de la fuerza y condena la invasi\u00f3n a Ucrania as\u00ed como las operaciones militares desarrolladas en su territorio\u00bb, expres\u00f3 Cafiero.<\/p>\n\n\n\n<p>\u00abQuer\u00eda comenzar transmitiendo este mensaje del pueblo argentino, un pueblo que por sufrimiento propio abraza el m\u00e1s absoluto de los derechos humanos, el derecho a la vida\u00bb, remarc\u00f3 en su disertaci\u00f3n como representante de la Argentina.<\/p>\n\n\n\n<p><strong>\u00abEl mundo no soporta mas ni puede tolerar m\u00e1s muertes, la paz es urgente y el dialogo debe comenzar ya\u00bb, sostuvo el representante nacional.&nbsp;<\/strong><\/p>\n\n\n\n<p>De todas maneras,&nbsp;<strong>el canciller argentino no cuestion\u00f3 los motivos de Rusia para invadir Ucrania, al considerar que \u00abtoda preocupaci\u00f3n es leg\u00edtima\u00bb<\/strong>, por lo que \u00abla comunidad internacional no tiene derecho a condenar la preocupaci\u00f3n de ning\u00fan Estado sobre su seguridad\u00bb como tampoco \u00abeventuales denuncias por el supuesto incumplimiento de acuerdos preexistentes\u00bb.<\/p>\n\n\n\n<p>Sin embargo, Cafiero insisti\u00f3 en que<strong>&nbsp;\u00ablo que no es leg\u00edtimo es recurrir al uso de la fuerza y violar la integridad territorial de otro estado como forma de resolver un conflicto\u00bb.&nbsp;<\/strong><\/p>\n\n\n\n<p>Por \u00faltimo, el canciller record\u00f3 la guerra de Malvinas, en donde ejemplific\u00f3 que&nbsp;la Argentina \u00abtiene parte de su territorio usurpado por el Reino Unido\u00bb y defini\u00f3 al pa\u00eds como una naci\u00f3n \u00abque nunca busc\u00f3 definir litigios fronterizos por la fuerza\u00bb. Cafiero plante\u00f3 que desde la recuperaci\u00f3n de la democracia el pa\u00eds \u00abconstruy\u00f3 una pol\u00edtica de Estado basada en el reclamo del di\u00e1logo en el marco de las resoluciones de la Naciones Unidas\u00bb.<\/p>\n","protected":false},"excerpt":{"rendered":"<p>Este lunes, el canciller Santiago Cafiero se pronunci\u00f3 en contra de la invasi\u00f3n rusa durante el inicio del 49\u00b0 periodo de sesiones del Consejo de Derechos Humanos de Naciones Unidas, en Ginebra, presidida por el embajador argentino Federico Villegas. En el quinto d\u00eda de ataques contra Ucrania, el Gobierno argentino finalmente conden\u00f3 el proceder ruso &hellip;<\/p>\n","protected":false},"author":2,"featured_media":51746,"comment_status":"open","ping_status":"open","sticky":false,"template":"","format":"standard","meta":{"_jetpack_memberships_contains_paid_content":false,"footnotes":"","jetpack_publicize_message":"","jetpack_publicize_feature_enabled":true,"jetpack_social_post_already_shared":true,"jetpack_social_options":{"image_generator_settings":{"template":"highway","default_image_id":0,"font":"","enabled":false},"version":2}},"categories":[639,14],"tags":[],"class_list":["post-51745","post","type-post","status-publish","format-standard","has-post-thumbnail","hentry","category-argentina","category-politica"],"jetpack_publicize_connections":[],"jetpack_featured_media_url":"https:\/\/portalmovil.com.ar\/wp-content\/uploads\/2022\/02\/519d6303-70e7-4e16-95f7-7340b97e4a45.jpg","jetpack_sharing_enabled":true,"amp_enabled":true,"_links":{"self":[{"href":"https:\/\/portalmovil.com.ar\/index.php\/wp-json\/wp\/v2\/posts\/51745","targetHints":{"allow":["GET"]}}],"collection":[{"href":"https:\/\/portalmovil.com.ar\/index.php\/wp-json\/wp\/v2\/posts"}],"about":[{"href":"https:\/\/portalmovil.com.ar\/index.php\/wp-json\/wp\/v2\/types\/post"}],"author":[{"embeddable":true,"href":"https:\/\/portalmovil.com.ar\/index.php\/wp-json\/wp\/v2\/users\/2"}],"replies":[{"embeddable":true,"href":"https:\/\/portalmovil.com.ar\/index.php\/wp-json\/wp\/v2\/comments?post=51745"}],"version-history":[{"count":2,"href":"https:\/\/portalmovil.com.ar\/index.php\/wp-json\/wp\/v2\/posts\/51745\/revisions"}],"predecessor-version":[{"id":51748,"href":"https:\/\/portalmovil.com.ar\/index.php\/wp-json\/wp\/v2\/posts\/51745\/revisions\/51748"}],"wp:featuredmedia":[{"embeddable":true,"href":"https:\/\/portalmovil.com.ar\/index.php\/wp-json\/wp\/v2\/media\/51746"}],"wp:attachment":[{"href":"https:\/\/portalmovil.com.ar\/index.php\/wp-json\/wp\/v2\/media?parent=51745"}],"wp:term":[{"taxonomy":"category","embeddable":true,"href":"https:\/\/portalmovil.com.ar\/index.php\/wp-json\/wp\/v2\/categories?post=51745"},{"taxonomy":"post_tag","embeddable":true,"href":"https:\/\/portalmovil.com.ar\/index.php\/wp-json\/wp\/v2\/tags?post=51745"}],"curies":[{"name":"wp","href":"https:\/\/api.w.org\/{rel}","templated":true}]}}