{"id":51639,"date":"2022-02-25T21:05:01","date_gmt":"2022-02-26T00:05:01","guid":{"rendered":"https:\/\/portalmovil.com.ar\/?p=51639"},"modified":"2022-02-25T21:05:04","modified_gmt":"2022-02-26T00:05:04","slug":"una-pareja-homosexual-denuncia-discriminacion-en-un-hotel-de-cordoba","status":"publish","type":"post","link":"https:\/\/portalmovil.com.ar\/index.php\/2022\/02\/25\/una-pareja-homosexual-denuncia-discriminacion-en-un-hotel-de-cordoba\/","title":{"rendered":"Una pareja homosexual denuncia discriminaci\u00f3n en un hotel de C\u00f3rdoba"},"content":{"rendered":"\n<p>Franco y Enrique emprendieron el viaje a\u00a0C\u00f3rdoba\u00a0con su hijo, que tiene 14 a\u00f1os, con la alegr\u00eda de saberse familia y la gratitud a flor de piel. Su plan era\u00a0<strong>hospedarse en la misma casa de retiro espiritual de La Falda donde alguna vez le rezaron a la Virgen para poder adoptar, pero fueron v\u00edctimas de\u00a0discriminaci\u00f3n\u00a0por su orientaci\u00f3n sexual<\/strong>, seg\u00fan denunciaron esta semana.<\/p>\n\n\n\n<p>La Casa Betania de La Falda, C\u00f3rdoba, funciona como un hotel adem\u00e1s de ser un establecimiento cat\u00f3lico para retiros espirituales. Como es un hospedaje tur\u00edstico no deber\u00eda haber habido problema en recibir a Franco, Enrique y el hijo de ambos, que lleg\u00f3 a sus vidas hace tres a\u00f1os, pero el viaje tom\u00f3 proporciones b\u00edblicas cuando les dijeron \u00abque no hab\u00eda lugar\u00bb para ellos.<\/p>\n\n\n\n<p>\u00ab<strong>Yo soy cat\u00f3lico no me pueden discriminar por mi condici\u00f3n sexual. Salimos de ah\u00ed llorando. Es un dolor en el pecho muy grande<\/strong>. Nos trataron como si fu\u00e9ramos delincuentes. En una casa donde deber\u00eda haber amor, hay odio y maldad\u00bb, expres\u00f3 Franco al sitio&nbsp;<em>El Doce<\/em>&nbsp;de C\u00f3rdoba.<\/p>\n\n\n\n<figure class=\"wp-block-image\"><img decoding=\"async\" src=\"https:\/\/media.minutouno.com\/p\/cce4505ef092a3626bf44ad48fc79d1b\/adjuntos\/150\/imagenes\/039\/676\/0039676368\/discriminacion-la-falda-pareja-gayjpg.jpg?2022-02-25-15-24-20\" alt=\"\"\/><\/figure>\n\n\n\n<p>El hotel Casa Betania fue contactado por ese medio para dar su versi\u00f3n de los hechos, pero declin\u00f3 la oferta.<\/p>\n\n\n\n<p>Mientras tanto, Franco y Enrique, que llevan una d\u00e9cada juntos y en 2017 fueron a C\u00f3rdoba para pedirle a la Virgen que se realice su sue\u00f1o de ser padres, se quedaron con las ganas de hacer su acci\u00f3n de gracias porque les negaron la oportunidad aunque \u00abten\u00edan una reserva hace m\u00e1s de una semana\u00bb.<\/p>\n\n\n\n<p>El hotel \u00abhab\u00eda estado repleto de gente por un retiro espiritual, estaba seguro de que \u00e9ste ya hab\u00eda terminado\u00bb, record\u00f3 Franco, as\u00ed que cuando vio el tablero lleno de llaves justo detr\u00e1s del empleado que les neg\u00f3 la entrada supo que le estaban mintiendo en la cara, y que eran v\u00edctima de discriminaci\u00f3n.<\/p>\n\n\n\n<p>Por eso Franco y Enrique prometieron que har\u00e1n una presentaci\u00f3n en el Instituto Nacional contra la Discriminaci\u00f3n, la Xenofobia y el Racismo (<a href=\"https:\/\/www.minutouno.com\/inadi-a5128680\">INADI<\/a>), adem\u00e1s de una denuncia penal porque consiguieron \u00abun testigo que lo vio todo\u00bb.<\/p>\n","protected":false},"excerpt":{"rendered":"<p>Franco y Enrique emprendieron el viaje a\u00a0C\u00f3rdoba\u00a0con su hijo, que tiene 14 a\u00f1os, con la alegr\u00eda de saberse familia y la gratitud a flor de piel. Su plan era\u00a0hospedarse en la misma casa de retiro espiritual de La Falda donde alguna vez le rezaron a la Virgen para poder adoptar, pero fueron v\u00edctimas de\u00a0discriminaci\u00f3n\u00a0por su &hellip;<\/p>\n","protected":false},"author":2,"featured_media":51640,"comment_status":"open","ping_status":"open","sticky":false,"template":"","format":"standard","meta":{"_jetpack_memberships_contains_paid_content":false,"footnotes":"","jetpack_publicize_message":"","jetpack_publicize_feature_enabled":true,"jetpack_social_post_already_shared":true,"jetpack_social_options":{"image_generator_settings":{"template":"highway","default_image_id":0,"font":"","enabled":false},"version":2}},"categories":[639,3],"tags":[],"class_list":["post-51639","post","type-post","status-publish","format-standard","has-post-thumbnail","hentry","category-argentina","category-sociedad"],"jetpack_publicize_connections":[],"jetpack_featured_media_url":"https:\/\/portalmovil.com.ar\/wp-content\/uploads\/2022\/02\/20c8514e-3b08-411d-ad47-1f349742bdd4.jpg","jetpack_sharing_enabled":true,"amp_enabled":true,"_links":{"self":[{"href":"https:\/\/portalmovil.com.ar\/index.php\/wp-json\/wp\/v2\/posts\/51639","targetHints":{"allow":["GET"]}}],"collection":[{"href":"https:\/\/portalmovil.com.ar\/index.php\/wp-json\/wp\/v2\/posts"}],"about":[{"href":"https:\/\/portalmovil.com.ar\/index.php\/wp-json\/wp\/v2\/types\/post"}],"author":[{"embeddable":true,"href":"https:\/\/portalmovil.com.ar\/index.php\/wp-json\/wp\/v2\/users\/2"}],"replies":[{"embeddable":true,"href":"https:\/\/portalmovil.com.ar\/index.php\/wp-json\/wp\/v2\/comments?post=51639"}],"version-history":[{"count":1,"href":"https:\/\/portalmovil.com.ar\/index.php\/wp-json\/wp\/v2\/posts\/51639\/revisions"}],"predecessor-version":[{"id":51641,"href":"https:\/\/portalmovil.com.ar\/index.php\/wp-json\/wp\/v2\/posts\/51639\/revisions\/51641"}],"wp:featuredmedia":[{"embeddable":true,"href":"https:\/\/portalmovil.com.ar\/index.php\/wp-json\/wp\/v2\/media\/51640"}],"wp:attachment":[{"href":"https:\/\/portalmovil.com.ar\/index.php\/wp-json\/wp\/v2\/media?parent=51639"}],"wp:term":[{"taxonomy":"category","embeddable":true,"href":"https:\/\/portalmovil.com.ar\/index.php\/wp-json\/wp\/v2\/categories?post=51639"},{"taxonomy":"post_tag","embeddable":true,"href":"https:\/\/portalmovil.com.ar\/index.php\/wp-json\/wp\/v2\/tags?post=51639"}],"curies":[{"name":"wp","href":"https:\/\/api.w.org\/{rel}","templated":true}]}}