{"id":51437,"date":"2022-02-23T18:22:00","date_gmt":"2022-02-23T21:22:00","guid":{"rendered":"https:\/\/portalmovil.com.ar\/?p=51437"},"modified":"2022-02-23T18:22:04","modified_gmt":"2022-02-23T21:22:04","slug":"policia-caminera-secuestro-una-camioneta-de-alta-gama-con-pedido-de-secuestro","status":"publish","type":"post","link":"https:\/\/portalmovil.com.ar\/index.php\/2022\/02\/23\/policia-caminera-secuestro-una-camioneta-de-alta-gama-con-pedido-de-secuestro\/","title":{"rendered":"Polic\u00eda Caminera secuestr\u00f3 una camioneta de alta gama con pedido de secuestro"},"content":{"rendered":"\n<p>Efectivos de la Polic\u00eda del Chaco detuvieron en la siesta de este mi\u00e9rcoles 23, una camioneta de alta gama que ten\u00eda pedido de secuestro activo desde hace casi seis a\u00f1os. El operativo se realiz\u00f3 sobre la ruta nacional 11, a la altura del Kil\u00f3metro 1041, con la presencia del director general de la Polic\u00eda Caminera, C\u00e9sar Ariel Jacquet; el comisario inspector Eduardo Valenzuela y el personal del Puesto Casilla 3 de ruta 11 Km 1041.<\/p>\n\n\n\n<p>\u201cEl veh\u00edculo de alta gama omiti\u00f3 la se\u00f1ales de alto en el puesto de control caminero lim\u00edtrofe de Puerto Eva Per\u00f3n y se dio a la fuga. Inmediatamente, se libr\u00f3 la voz de alerta, dando conocimiento a los distintos puestos que dependen de la Direcci\u00f3n General Caminera\u201d, detall\u00f3 Valenzuela. A partir de un operativo cerrojo, con la colaboraci\u00f3n de las comisar\u00edas de General Vedia, La Leonesa, Las Palmas, Puerto Bermejo y las unidades dependientes de la Direcci\u00f3n de Zona de General San Mart\u00edn, se logr\u00f3 cerrar el paso en todos los caminos interceptando al veh\u00edculo en el control de ruta nacional 11, Kil\u00f3metro 1041.<\/p>\n\n\n\n<figure class=\"wp-block-image\"><img decoding=\"async\" src=\"http:\/\/agenciafoco.com.ar\/media\/cache\/quality\/uploads\/noticias\/62167613a8ee5859566341.jpeg\" alt=\"\"\/><\/figure>\n\n\n\n<p>La camioneta era conducida por una persona mayor de edad y al ser constatada con el Registro de la Propiedad Automotor se comprob\u00f3 que sobre el veh\u00edculo persiste un pedido de secuestro activo de la provincia de Santa Fe, desde el a\u00f1o 2016. \u201cSe consult\u00f3 con la Fiscal\u00eda en Turno y se determin\u00f3 el secuestro del rodado y la conducci\u00f3n de esta persona hasta la Comisar\u00eda jurisdiccional a fines de continuar con las diligencias pertinentes\u201d, concluy\u00f3 el comisario inspector.<\/p>\n\n\n\n<figure class=\"wp-block-image\"><img decoding=\"async\" src=\"http:\/\/agenciafoco.com.ar\/media\/cache\/quality\/uploads\/noticias\/62167613a9880206633475.jpeg\" alt=\"\"\/><\/figure>\n","protected":false},"excerpt":{"rendered":"<p>Efectivos de la Polic\u00eda del Chaco detuvieron en la siesta de este mi\u00e9rcoles 23, una camioneta de alta gama que ten\u00eda pedido de secuestro activo desde hace casi seis a\u00f1os. El operativo se realiz\u00f3 sobre la ruta nacional 11, a la altura del Kil\u00f3metro 1041, con la presencia del director general de la Polic\u00eda Caminera, &hellip;<\/p>\n","protected":false},"author":2,"featured_media":51438,"comment_status":"open","ping_status":"open","sticky":false,"template":"","format":"standard","meta":{"_jetpack_memberships_contains_paid_content":false,"footnotes":"","jetpack_publicize_message":"","jetpack_publicize_feature_enabled":true,"jetpack_social_post_already_shared":true,"jetpack_social_options":{"image_generator_settings":{"template":"highway","default_image_id":0,"font":"","enabled":false},"version":2}},"categories":[5,8],"tags":[],"class_list":["post-51437","post","type-post","status-publish","format-standard","has-post-thumbnail","hentry","category-chaco","category-policiales"],"jetpack_publicize_connections":[],"jetpack_featured_media_url":"https:\/\/portalmovil.com.ar\/wp-content\/uploads\/2022\/02\/62167613a8295532503205.jpg","jetpack_sharing_enabled":true,"amp_enabled":true,"_links":{"self":[{"href":"https:\/\/portalmovil.com.ar\/index.php\/wp-json\/wp\/v2\/posts\/51437","targetHints":{"allow":["GET"]}}],"collection":[{"href":"https:\/\/portalmovil.com.ar\/index.php\/wp-json\/wp\/v2\/posts"}],"about":[{"href":"https:\/\/portalmovil.com.ar\/index.php\/wp-json\/wp\/v2\/types\/post"}],"author":[{"embeddable":true,"href":"https:\/\/portalmovil.com.ar\/index.php\/wp-json\/wp\/v2\/users\/2"}],"replies":[{"embeddable":true,"href":"https:\/\/portalmovil.com.ar\/index.php\/wp-json\/wp\/v2\/comments?post=51437"}],"version-history":[{"count":1,"href":"https:\/\/portalmovil.com.ar\/index.php\/wp-json\/wp\/v2\/posts\/51437\/revisions"}],"predecessor-version":[{"id":51439,"href":"https:\/\/portalmovil.com.ar\/index.php\/wp-json\/wp\/v2\/posts\/51437\/revisions\/51439"}],"wp:featuredmedia":[{"embeddable":true,"href":"https:\/\/portalmovil.com.ar\/index.php\/wp-json\/wp\/v2\/media\/51438"}],"wp:attachment":[{"href":"https:\/\/portalmovil.com.ar\/index.php\/wp-json\/wp\/v2\/media?parent=51437"}],"wp:term":[{"taxonomy":"category","embeddable":true,"href":"https:\/\/portalmovil.com.ar\/index.php\/wp-json\/wp\/v2\/categories?post=51437"},{"taxonomy":"post_tag","embeddable":true,"href":"https:\/\/portalmovil.com.ar\/index.php\/wp-json\/wp\/v2\/tags?post=51437"}],"curies":[{"name":"wp","href":"https:\/\/api.w.org\/{rel}","templated":true}]}}