{"id":51159,"date":"2022-02-21T09:45:11","date_gmt":"2022-02-21T12:45:11","guid":{"rendered":"https:\/\/portalmovil.com.ar\/?p=51159"},"modified":"2022-02-21T09:45:15","modified_gmt":"2022-02-21T12:45:15","slug":"el-kirchnerismo-plantean-trabajar-menos-horas-para-beneficiar-la-productividad","status":"publish","type":"post","link":"https:\/\/portalmovil.com.ar\/index.php\/2022\/02\/21\/el-kirchnerismo-plantean-trabajar-menos-horas-para-beneficiar-la-productividad\/","title":{"rendered":"El Kirchnerismo plantean trabajar menos horas para \u00abbeneficiar la productividad\u00bb"},"content":{"rendered":"\n<p>El abogado kirchnerista\u00a0H\u00e9ctor Recalde\u00a0habl\u00f3 sobre\u00a0la reforma laboral aprobada en B\u00e9lgica, que concentra la jornada de 40 horas semanales en cuatro d\u00edas, y explic\u00f3 por qu\u00e9 hasta el momento no se podr\u00eda aplicar en nuestro pa\u00eds.<\/p>\n\n\n\n<p>El ex diputado explic\u00f3 que deber\u00eda suceder en nuestro pa\u00eds para poder implementar una reforma laboral c\u00f3mo la que se aprob\u00f3 en B\u00e9lgica, e indic\u00f3:<strong><strong>\u00a0\u00abSe da en un pa\u00eds donde se trabajan 40 horas semanales, nosotros tenemos 48 horas semanales\u00bb.<\/strong><\/strong><\/p>\n\n\n\n<p>\u00abCuando yo era Diputado Nacional trat\u00e9 de disminuir la jornada a 45, muy poquito, y no lo logr\u00e9. Hay que insistir en bajar la duraci\u00f3n de la jornada, incluso para el beneficio de la productividad y los propios empresarios. Tambi\u00e9n bajan los accidentes de\u00a0trabajo\u00bb, remarc\u00f3 Recalde en di\u00e1logo con\u00a0<em><strong>Radio 10.<\/strong><\/em><\/p>\n\n\n\n<p>En este sentido, el abogado laboralista\u00a0resalt\u00f3 la \u00abimportancia que cobra el rol del Estado y de los sindicatos\u00bb, y agreg\u00f3: \u00abno pretendamos que el trabajador individualmente est\u00e9 peleando por sus derechos\u00bb. En cuanto a las luchas por mejoras laborales, manifest\u00f3 que \u00ablo \u00fanico que no se puede hacer es bajar los brazos\u00bb ya que hay leyes que amparan a los trabajadores contra el abuso de los empleadores.<\/p>\n\n\n\n<p>En cuanto a la situaci\u00f3n de los trabajadores, H\u00e9ctor Recalde subray\u00f3: \u00abNo solamente no se trabajan 8 horas, a veces se trabajan 9, 12 y horas extra, y adem\u00e1s el traslado de casa al trabajo y viceversa consume tiempo\u00bb.<\/p>\n","protected":false},"excerpt":{"rendered":"<p>El abogado kirchnerista\u00a0H\u00e9ctor Recalde\u00a0habl\u00f3 sobre\u00a0la reforma laboral aprobada en B\u00e9lgica, que concentra la jornada de 40 horas semanales en cuatro d\u00edas, y explic\u00f3 por qu\u00e9 hasta el momento no se podr\u00eda aplicar en nuestro pa\u00eds. El ex diputado explic\u00f3 que deber\u00eda suceder en nuestro pa\u00eds para poder implementar una reforma laboral c\u00f3mo la que se &hellip;<\/p>\n","protected":false},"author":2,"featured_media":51160,"comment_status":"open","ping_status":"open","sticky":false,"template":"","format":"standard","meta":{"_jetpack_memberships_contains_paid_content":false,"footnotes":"","jetpack_publicize_message":"","jetpack_publicize_feature_enabled":true,"jetpack_social_post_already_shared":true,"jetpack_social_options":{"image_generator_settings":{"template":"highway","default_image_id":0,"font":"","enabled":false},"version":2}},"categories":[639,14],"tags":[],"class_list":["post-51159","post","type-post","status-publish","format-standard","has-post-thumbnail","hentry","category-argentina","category-politica"],"jetpack_publicize_connections":[],"jetpack_featured_media_url":"https:\/\/portalmovil.com.ar\/wp-content\/uploads\/2022\/02\/39b3a86b-5416-4e7f-853c-0d9390967f20.jpg","jetpack_sharing_enabled":true,"amp_enabled":true,"_links":{"self":[{"href":"https:\/\/portalmovil.com.ar\/index.php\/wp-json\/wp\/v2\/posts\/51159","targetHints":{"allow":["GET"]}}],"collection":[{"href":"https:\/\/portalmovil.com.ar\/index.php\/wp-json\/wp\/v2\/posts"}],"about":[{"href":"https:\/\/portalmovil.com.ar\/index.php\/wp-json\/wp\/v2\/types\/post"}],"author":[{"embeddable":true,"href":"https:\/\/portalmovil.com.ar\/index.php\/wp-json\/wp\/v2\/users\/2"}],"replies":[{"embeddable":true,"href":"https:\/\/portalmovil.com.ar\/index.php\/wp-json\/wp\/v2\/comments?post=51159"}],"version-history":[{"count":1,"href":"https:\/\/portalmovil.com.ar\/index.php\/wp-json\/wp\/v2\/posts\/51159\/revisions"}],"predecessor-version":[{"id":51161,"href":"https:\/\/portalmovil.com.ar\/index.php\/wp-json\/wp\/v2\/posts\/51159\/revisions\/51161"}],"wp:featuredmedia":[{"embeddable":true,"href":"https:\/\/portalmovil.com.ar\/index.php\/wp-json\/wp\/v2\/media\/51160"}],"wp:attachment":[{"href":"https:\/\/portalmovil.com.ar\/index.php\/wp-json\/wp\/v2\/media?parent=51159"}],"wp:term":[{"taxonomy":"category","embeddable":true,"href":"https:\/\/portalmovil.com.ar\/index.php\/wp-json\/wp\/v2\/categories?post=51159"},{"taxonomy":"post_tag","embeddable":true,"href":"https:\/\/portalmovil.com.ar\/index.php\/wp-json\/wp\/v2\/tags?post=51159"}],"curies":[{"name":"wp","href":"https:\/\/api.w.org\/{rel}","templated":true}]}}