{"id":51138,"date":"2022-02-20T21:07:18","date_gmt":"2022-02-21T00:07:18","guid":{"rendered":"https:\/\/portalmovil.com.ar\/?p=51138"},"modified":"2022-02-20T21:07:33","modified_gmt":"2022-02-21T00:07:33","slug":"tiempo-inestable-con-probabilidad-de-tormentas-aisladas","status":"publish","type":"post","link":"https:\/\/portalmovil.com.ar\/index.php\/2022\/02\/20\/tiempo-inestable-con-probabilidad-de-tormentas-aisladas\/","title":{"rendered":"Tiempo inestable con probabilidad de tormentas aisladas"},"content":{"rendered":"\n<p>Tras una seguidilla de d\u00edas sin precipitaciones en la regi\u00f3n, el Servicio Meteorol\u00f3gico Nacional anticipa un cambio de tiempo en Resistencia y alrededores, con lluvias y tormentas, que se extender\u00edan al menos hasta el martes, y con un moderado descenso de temperatura.<\/p>\n\n\n\n<p>En detalle, para este lunes se espera tormentas aisladas en las primeras horas del d\u00eda y luego tormentas, con vientos leves de direcciones variables prevaleciendo del sudeste. La temperatura oscilar\u00e1 entre 21 grados de m\u00ednima y 28 de m\u00e1xima.<\/p>\n\n\n\n<p>Asimismo, para el martes se prev\u00e9 tormentas durante la ma\u00f1ana, y chaparrones por la tarde, con vientos leves del sudeste, y poco cambio de los valores t\u00e9rmicos, con un piso de 17 grados y un techo 31.<\/p>\n\n\n\n<p>En tanto, para el mi\u00e9rcoles se anuncia cielo parcialmente nublado por la ma\u00f1ana y nublado por la tarde-noche, con 19 grados de temperatura m\u00ednima y 34 de m\u00e1xima.<\/p>\n\n\n\n<p>Finalmente, para el jueves se pronostica tiempo inestable, con probables tormentas aisladas por la tarde-noche, y ascenso de temperatura, con una m\u00ednima de 23 grados y una m\u00e1xima de 36.<\/p>\n","protected":false},"excerpt":{"rendered":"<p>Tras una seguidilla de d\u00edas sin precipitaciones en la regi\u00f3n, el Servicio Meteorol\u00f3gico Nacional anticipa un cambio de tiempo en Resistencia y alrededores, con lluvias y tormentas, que se extender\u00edan al menos hasta el martes, y con un moderado descenso de temperatura. En detalle, para este lunes se espera tormentas aisladas en las primeras horas &hellip;<\/p>\n","protected":false},"author":2,"featured_media":50072,"comment_status":"open","ping_status":"open","sticky":false,"template":"","format":"standard","meta":{"_jetpack_memberships_contains_paid_content":false,"footnotes":"","jetpack_publicize_message":"","jetpack_publicize_feature_enabled":true,"jetpack_social_post_already_shared":true,"jetpack_social_options":{"image_generator_settings":{"template":"highway","default_image_id":0,"font":"","enabled":false},"version":2}},"categories":[28,5],"tags":[],"class_list":["post-51138","post","type-post","status-publish","format-standard","has-post-thumbnail","hentry","category-actualidad","category-chaco"],"jetpack_publicize_connections":[],"jetpack_featured_media_url":"https:\/\/portalmovil.com.ar\/wp-content\/uploads\/2022\/02\/240786w620h450.jpg","jetpack_sharing_enabled":true,"amp_enabled":true,"_links":{"self":[{"href":"https:\/\/portalmovil.com.ar\/index.php\/wp-json\/wp\/v2\/posts\/51138","targetHints":{"allow":["GET"]}}],"collection":[{"href":"https:\/\/portalmovil.com.ar\/index.php\/wp-json\/wp\/v2\/posts"}],"about":[{"href":"https:\/\/portalmovil.com.ar\/index.php\/wp-json\/wp\/v2\/types\/post"}],"author":[{"embeddable":true,"href":"https:\/\/portalmovil.com.ar\/index.php\/wp-json\/wp\/v2\/users\/2"}],"replies":[{"embeddable":true,"href":"https:\/\/portalmovil.com.ar\/index.php\/wp-json\/wp\/v2\/comments?post=51138"}],"version-history":[{"count":1,"href":"https:\/\/portalmovil.com.ar\/index.php\/wp-json\/wp\/v2\/posts\/51138\/revisions"}],"predecessor-version":[{"id":51139,"href":"https:\/\/portalmovil.com.ar\/index.php\/wp-json\/wp\/v2\/posts\/51138\/revisions\/51139"}],"wp:featuredmedia":[{"embeddable":true,"href":"https:\/\/portalmovil.com.ar\/index.php\/wp-json\/wp\/v2\/media\/50072"}],"wp:attachment":[{"href":"https:\/\/portalmovil.com.ar\/index.php\/wp-json\/wp\/v2\/media?parent=51138"}],"wp:term":[{"taxonomy":"category","embeddable":true,"href":"https:\/\/portalmovil.com.ar\/index.php\/wp-json\/wp\/v2\/categories?post=51138"},{"taxonomy":"post_tag","embeddable":true,"href":"https:\/\/portalmovil.com.ar\/index.php\/wp-json\/wp\/v2\/tags?post=51138"}],"curies":[{"name":"wp","href":"https:\/\/api.w.org\/{rel}","templated":true}]}}