{"id":51025,"date":"2022-02-18T14:25:02","date_gmt":"2022-02-18T17:25:02","guid":{"rendered":"https:\/\/portalmovil.com.ar\/?p=51025"},"modified":"2022-02-18T14:25:05","modified_gmt":"2022-02-18T17:25:05","slug":"se-inauguro-el-nuevo-jardin-de-infantes-en-fontana","status":"publish","type":"post","link":"https:\/\/portalmovil.com.ar\/index.php\/2022\/02\/18\/se-inauguro-el-nuevo-jardin-de-infantes-en-fontana\/","title":{"rendered":"Se inaugur\u00f3 el nuevo jard\u00edn de infantes en Fontana"},"content":{"rendered":"\n<p>El gobernador Jorge Capitanich inauguraron este viernes el edificio del jard\u00edn de infantes 247 en el barrio Balastro 2 de Fontana, que demand\u00f3 una inversi\u00f3n de $56.933.352. \u201cEs una satisfacci\u00f3n estar en una nueva inauguraci\u00f3n, en esta oportunidad garantizando m\u00e1s acceso a la educaci\u00f3n y avanzando en nuestro compromiso de universalizaci\u00f3n de las salas de 3 y 4 a\u00f1os\u201d, expres\u00f3 el gobernador.<\/p>\n\n\n\n<p>\u201cTenemos un programa de 3.306 millones de pesos de inversi\u00f3n en nuevas obras, ampliaciones y remodelaciones para garantizar condiciones dignas de trabajo y estudio\u201d, asegur\u00f3 Capitanich tras enumerar los objetivos que esta gesti\u00f3n fue cumpliendo en los \u00faltimos dos a\u00f1os y la agenda a corto y mediano plazo que a\u00fan resta resolverse.<\/p>\n\n\n\n<p>\u00abEn la pr\u00f3xima semana tenemos que consolidar las paritarias docentes\u00bb<br>\u201cEn el transcurso de la pr\u00f3xima semana tenemos que consolidar las paritarias para que los trabajadores docentes recuperen su poder adquisitivo y que los salarios le ganen a la inflaci\u00f3n\u201d, sostuvo el mandatario, y remarc\u00f3: \u201ctenemos infraestructura edilicia, conectividad a internet, laboratorio de idiomas, distribuci\u00f3n de libros y netbooks, mobiliario y asignaci\u00f3n de recursos junto a una agenda legislativa para mejorar nuestro sistema educativo\u201d, destac\u00f3 Capitanich.<\/p>\n\n\n\n<p>Este nuevo jard\u00edn fue creado el 11 de febrero por la Resoluci\u00f3n 5171\/2022 y comenzar\u00e1 a funcionar en este ciclo lectivo con una matr\u00edcula de 128 ni\u00f1os y ni\u00f1as en salas de 3, 4 y 5 a\u00f1os. \u201cEstamos felices de contar con esta nueva instituci\u00f3n, de que ni\u00f1os y ni\u00f1as tengan una oportunidad educativa y de inclusi\u00f3n social\u201d, dijo por su parte Patricia Rodas, resaltando la decisi\u00f3n pol\u00edtica de \u201cescuchar las demandas\u201d y \u201cencabezar un Estado presente en cada comunidad\u201d.<\/p>\n\n\n\n<p>El ministro Aldo Lineras celebr\u00f3 la habilitaci\u00f3n de este nuevo edificio que empezar\u00e1 a funcionar el pr\u00f3ximo lunes 21 de febrero, fecha de presentaci\u00f3n de las y los docentes en toda la provincia para preparar el ciclo lectivo 2022.<\/p>\n\n\n\n<p>\u201cEs una obra que se realiz\u00f3 antes del tiempo estipulado, es decir que la empresa ha cumplido con creces el tiempo que ten\u00edamos. Esta acci\u00f3n pol\u00edtica se est\u00e1 llevando a cabo en todo el sistema educativo, pero en particular con metas que tienen que ver con los objetivos de desarrollo sustentable, la calidad en educaci\u00f3n y en particular, de la educaci\u00f3n inicial\u201d, se\u00f1al\u00f3 Lineras.<\/p>\n\n\n\n<p>El edificio fue financiado por el Programa de Apoyo a la Pol\u00edtica de Mejoramiento de la Equidad Educativa (PROMEDU), tiene tres salas con sanitarios y expansi\u00f3n para cada una de ellas conectados por una galer\u00eda, sector administrativo y direcci\u00f3n, sal\u00f3n de usos m\u00faltiples, cocina, dep\u00f3sito, ba\u00f1os para personas con discapacidad, patio de juegos, nuevo cerco perimetral y parquizaci\u00f3n.<\/p>\n\n\n\n<p>Es un jard\u00edn al que asistir\u00e1n en su mayor\u00eda alumnas y alumnos del Balastro 2, incluyendo chicos y chicas de los asentamientos Italia, Lavalle y alrededores, complementando las ofertas de los jardines aleda\u00f1os 216, 176 y 166 de Fontana.<\/p>\n","protected":false},"excerpt":{"rendered":"<p>El gobernador Jorge Capitanich inauguraron este viernes el edificio del jard\u00edn de infantes 247 en el barrio Balastro 2 de Fontana, que demand\u00f3 una inversi\u00f3n de $56.933.352. \u201cEs una satisfacci\u00f3n estar en una nueva inauguraci\u00f3n, en esta oportunidad garantizando m\u00e1s acceso a la educaci\u00f3n y avanzando en nuestro compromiso de universalizaci\u00f3n de las salas de &hellip;<\/p>\n","protected":false},"author":2,"featured_media":51026,"comment_status":"open","ping_status":"open","sticky":false,"template":"","format":"standard","meta":{"_jetpack_memberships_contains_paid_content":false,"footnotes":"","jetpack_publicize_message":"","jetpack_publicize_feature_enabled":true,"jetpack_social_post_already_shared":true,"jetpack_social_options":{"image_generator_settings":{"template":"highway","default_image_id":0,"font":"","enabled":false},"version":2}},"categories":[5,14,12],"tags":[],"class_list":["post-51025","post","type-post","status-publish","format-standard","has-post-thumbnail","hentry","category-chaco","category-politica","category-ultimo"],"jetpack_publicize_connections":[],"jetpack_featured_media_url":"https:\/\/portalmovil.com.ar\/wp-content\/uploads\/2022\/02\/1510efb2b4f366fad05d3cd81312a82b.jpg","jetpack_sharing_enabled":true,"amp_enabled":true,"_links":{"self":[{"href":"https:\/\/portalmovil.com.ar\/index.php\/wp-json\/wp\/v2\/posts\/51025","targetHints":{"allow":["GET"]}}],"collection":[{"href":"https:\/\/portalmovil.com.ar\/index.php\/wp-json\/wp\/v2\/posts"}],"about":[{"href":"https:\/\/portalmovil.com.ar\/index.php\/wp-json\/wp\/v2\/types\/post"}],"author":[{"embeddable":true,"href":"https:\/\/portalmovil.com.ar\/index.php\/wp-json\/wp\/v2\/users\/2"}],"replies":[{"embeddable":true,"href":"https:\/\/portalmovil.com.ar\/index.php\/wp-json\/wp\/v2\/comments?post=51025"}],"version-history":[{"count":1,"href":"https:\/\/portalmovil.com.ar\/index.php\/wp-json\/wp\/v2\/posts\/51025\/revisions"}],"predecessor-version":[{"id":51027,"href":"https:\/\/portalmovil.com.ar\/index.php\/wp-json\/wp\/v2\/posts\/51025\/revisions\/51027"}],"wp:featuredmedia":[{"embeddable":true,"href":"https:\/\/portalmovil.com.ar\/index.php\/wp-json\/wp\/v2\/media\/51026"}],"wp:attachment":[{"href":"https:\/\/portalmovil.com.ar\/index.php\/wp-json\/wp\/v2\/media?parent=51025"}],"wp:term":[{"taxonomy":"category","embeddable":true,"href":"https:\/\/portalmovil.com.ar\/index.php\/wp-json\/wp\/v2\/categories?post=51025"},{"taxonomy":"post_tag","embeddable":true,"href":"https:\/\/portalmovil.com.ar\/index.php\/wp-json\/wp\/v2\/tags?post=51025"}],"curies":[{"name":"wp","href":"https:\/\/api.w.org\/{rel}","templated":true}]}}