{"id":50921,"date":"2022-02-17T08:35:36","date_gmt":"2022-02-17T11:35:36","guid":{"rendered":"https:\/\/portalmovil.com.ar\/?p=50921"},"modified":"2022-02-17T08:35:39","modified_gmt":"2022-02-17T11:35:39","slug":"corrientes-arde-hay-15-focos-igneos-activos-y-varias-familias-evacuadas","status":"publish","type":"post","link":"https:\/\/portalmovil.com.ar\/index.php\/2022\/02\/17\/corrientes-arde-hay-15-focos-igneos-activos-y-varias-familias-evacuadas\/","title":{"rendered":"Corrientes arde: hay 15 focos \u00edgneos activos y varias familias evacuadas"},"content":{"rendered":"\n<p>El fuego no deja de castigar a la provincia de Corrientes.&nbsp;<strong>Seg\u00fan el reporte de este mi\u00e9rcoles del Servicio Nacional de Manejo del Fuego, que depende del Ministerio de Ambiente y Desarrollo Sostenible, en Concepci\u00f3n II el incendio est\u00e1 extinguido y en Mercedes contenido, mientras que permanec\u00edan generando complicaciones en las localidades de San Miguel, Curuz\u00fa Cuati\u00e1, Ituzaing\u00f3, Santo Tom\u00e9, Loreto y Bella Vista.<\/strong><\/p>\n\n\n\n<p>Sin embargo,&nbsp;<strong>este mi\u00e9rcoles por la noche, el Gobierno de Corrientes inform\u00f3 que hay 15 focos activos. El fuego avanz\u00f3 de tal forma en la localidad de Ituzaing\u00f3 que varias familias debieron evacuar al ver amenazados sus hogares.<\/strong>&nbsp;Este \u00faltimo foco de incendio se registr\u00f3 en cercan\u00edas al C\u00edrculo de Suboficiales de la Polic\u00eda, sobre la calle Palo Largo.<\/p>\n\n\n\n<p>All\u00ed, trabajaron los Bomberos Voluntarios junto con las \u00e1reas de Obras y Servicios P\u00fablicos, y Defensa Civil del Municipio de Ituzaing\u00f3 para detener el avance de las llamas.<\/p>\n\n\n\n<p><strong>Hay 100 autobombas terrestres, seis aviones hidrantes, un helic\u00f3ptero, equipos de riego, extinguidores y alrededor de mil rodados, entre p\u00fablicos y privados, afectados a diferentes tareas para combatir el fuego. Adem\u00e1s se sumaron brigadistas provenientes de las provincias de Jujuy, C\u00f3rdoba, Mendoza y Buenos Aires.<\/strong><\/p>\n\n\n\n<p>Desde el Gobierno de Corrientes expresaron que se trata de un trabajo \u201ctit\u00e1nico\u201d pero \u201cdeben sostener la intensidad hasta que las condiciones clim\u00e1ticas traigan alivio\u201d.\u00a0Los incendios ya afectaron m\u00e1s de 500.000 hect\u00e1reas en la provincia.<\/p>\n\n\n\n<p><strong>En los Esteros del Iber\u00e1 tuvieron que cerrar cinco portales de acceso al Parque Provincial y solo quedan dos habilitados debido al avance de las llamas.&nbsp;<\/strong>Carambola, San Nicol\u00e1s, Cambyret\u00e1 y San Antonio \u201cpermanecen cerrados hasta nuevo aviso\u201d, indicaron las autoridades. Adem\u00e1s, el acceso Galarza est\u00e1 cerrado por falta de agua y un incendio en el portal.<\/p>\n\n\n\n<p>\u201cEst\u00e1n todos cerrados por incendios, por falta de agua, por peligro de que se reavive el fuego y otros est\u00e1n en alerta constante\u201d, manifest\u00f3 Walter Drews, intendente de Parques Provinciales de Corrientes.<\/p>\n\n\n\n<p>Las autoridades provinciales, tambi\u00e9n, comentaron que&nbsp;<strong>la profunda sequ\u00eda est\u00e1 afectando a los animales del ecosistema, a los que deben dejarle \u201c2.000 o 3.000 litros de agua por d\u00eda\u201d cuando no es necesaria para el combate del fuego.<\/strong><\/p>\n","protected":false},"excerpt":{"rendered":"<p>El fuego no deja de castigar a la provincia de Corrientes.&nbsp;Seg\u00fan el reporte de este mi\u00e9rcoles del Servicio Nacional de Manejo del Fuego, que depende del Ministerio de Ambiente y Desarrollo Sostenible, en Concepci\u00f3n II el incendio est\u00e1 extinguido y en Mercedes contenido, mientras que permanec\u00edan generando complicaciones en las localidades de San Miguel, Curuz\u00fa &hellip;<\/p>\n","protected":false},"author":2,"featured_media":50922,"comment_status":"open","ping_status":"open","sticky":false,"template":"","format":"standard","meta":{"_jetpack_memberships_contains_paid_content":false,"footnotes":"","jetpack_publicize_message":"","jetpack_publicize_feature_enabled":true,"jetpack_social_post_already_shared":true,"jetpack_social_options":{"image_generator_settings":{"template":"highway","default_image_id":0,"font":"","enabled":false},"version":2}},"categories":[28,639],"tags":[],"class_list":["post-50921","post","type-post","status-publish","format-standard","has-post-thumbnail","hentry","category-actualidad","category-argentina"],"jetpack_publicize_connections":[],"jetpack_featured_media_url":"https:\/\/portalmovil.com.ar\/wp-content\/uploads\/2022\/02\/71b84b89-d44d-4e3f-bc02-212a75a657dc.jpg","jetpack_sharing_enabled":true,"amp_enabled":true,"_links":{"self":[{"href":"https:\/\/portalmovil.com.ar\/index.php\/wp-json\/wp\/v2\/posts\/50921","targetHints":{"allow":["GET"]}}],"collection":[{"href":"https:\/\/portalmovil.com.ar\/index.php\/wp-json\/wp\/v2\/posts"}],"about":[{"href":"https:\/\/portalmovil.com.ar\/index.php\/wp-json\/wp\/v2\/types\/post"}],"author":[{"embeddable":true,"href":"https:\/\/portalmovil.com.ar\/index.php\/wp-json\/wp\/v2\/users\/2"}],"replies":[{"embeddable":true,"href":"https:\/\/portalmovil.com.ar\/index.php\/wp-json\/wp\/v2\/comments?post=50921"}],"version-history":[{"count":1,"href":"https:\/\/portalmovil.com.ar\/index.php\/wp-json\/wp\/v2\/posts\/50921\/revisions"}],"predecessor-version":[{"id":50923,"href":"https:\/\/portalmovil.com.ar\/index.php\/wp-json\/wp\/v2\/posts\/50921\/revisions\/50923"}],"wp:featuredmedia":[{"embeddable":true,"href":"https:\/\/portalmovil.com.ar\/index.php\/wp-json\/wp\/v2\/media\/50922"}],"wp:attachment":[{"href":"https:\/\/portalmovil.com.ar\/index.php\/wp-json\/wp\/v2\/media?parent=50921"}],"wp:term":[{"taxonomy":"category","embeddable":true,"href":"https:\/\/portalmovil.com.ar\/index.php\/wp-json\/wp\/v2\/categories?post=50921"},{"taxonomy":"post_tag","embeddable":true,"href":"https:\/\/portalmovil.com.ar\/index.php\/wp-json\/wp\/v2\/tags?post=50921"}],"curies":[{"name":"wp","href":"https:\/\/api.w.org\/{rel}","templated":true}]}}