{"id":50908,"date":"2022-02-17T08:15:04","date_gmt":"2022-02-17T11:15:04","guid":{"rendered":"https:\/\/portalmovil.com.ar\/?p=50908"},"modified":"2022-02-17T08:15:07","modified_gmt":"2022-02-17T11:15:07","slug":"buscan-una-solucion-para-la-problematica-de-los-alquileres","status":"publish","type":"post","link":"https:\/\/portalmovil.com.ar\/index.php\/2022\/02\/17\/buscan-una-solucion-para-la-problematica-de-los-alquileres\/","title":{"rendered":"Buscan una soluci\u00f3n para la problem\u00e1tica de los alquileres"},"content":{"rendered":"\n<p>El secretario de Comercio Interior, Roberto Feletti, encabez\u00f3 ayer un encuentro con el prop\u00f3sito de consensuar propuestas para dar una soluci\u00f3n a la problem\u00e1tica de los alquileres en todo el pa\u00eds.<\/p>\n\n\n\n<p>Participaron representantes de los inquilinos, inmobiliarias, desarrolladores urbanos, propietarios, organizaciones de la sociedad civil y funcionarios de diversas \u00e1reas del Estado relacionadas con la tem\u00e1tica, entre otros.<\/p>\n\n\n\n<p>De esta manera, el gobierno nacional busca impulsar una soluci\u00f3n a las dificultades que encuentran los inquilinos a partir de la implementaci\u00f3n de la Ley de Alquileres vigente y el incremento anual de los montos de los contratos, y que gener\u00f3 descontento tambi\u00e9n en los propietarios, al punto de que se asegura en el sector que la normativa contribuy\u00f3 a la retracci\u00f3n de la cantidad de unidades en oferta.<\/p>\n\n\n\n<p>\u201cVamos a generar una mesa de trabajo que cree las mejores condiciones para inquilinos y propietarios, en el marco de los consensos que surjan\u201d, expres\u00f3 Feletti.<\/p>\n\n\n\n<p>El secretario explic\u00f3 que \u201cestamos ante un problema, ya que hay falta de oferta de viviendas y hay incertidumbre para las y los inquilinos sobre el precio de los alquileres\u201d.<\/p>\n\n\n\n<p>Para Feletti, el escenario actual se caracteriza por el hecho de que \u201cel propietario reclama leg\u00edtimamente una renta por su capital invertido, el inquilino no la puede pagar y no hay estabilidad ni previsibilidad en la continuidad del contrato\u201d.<\/p>\n\n\n\n<p>Participantes del encuentro coincidieron en que hubo coincidencias en la importancia de generar las condiciones y los mecanismos necesarios para producir una ampliaci\u00f3n de la oferta de unidades habitacionales destinadas al alquiler, especialmente en lo relativo a las viviendas ya existentes, m\u00e1s all\u00e1 de las nuevas construcciones.<\/p>\n","protected":false},"excerpt":{"rendered":"<p>El secretario de Comercio Interior, Roberto Feletti, encabez\u00f3 ayer un encuentro con el prop\u00f3sito de consensuar propuestas para dar una soluci\u00f3n a la problem\u00e1tica de los alquileres en todo el pa\u00eds. Participaron representantes de los inquilinos, inmobiliarias, desarrolladores urbanos, propietarios, organizaciones de la sociedad civil y funcionarios de diversas \u00e1reas del Estado relacionadas con la &hellip;<\/p>\n","protected":false},"author":2,"featured_media":12644,"comment_status":"open","ping_status":"open","sticky":false,"template":"","format":"standard","meta":{"_jetpack_memberships_contains_paid_content":false,"footnotes":"","jetpack_publicize_message":"","jetpack_publicize_feature_enabled":true,"jetpack_social_post_already_shared":true,"jetpack_social_options":{"image_generator_settings":{"template":"highway","default_image_id":0,"font":"","enabled":false},"version":2}},"categories":[28,639],"tags":[],"class_list":["post-50908","post","type-post","status-publish","format-standard","has-post-thumbnail","hentry","category-actualidad","category-argentina"],"jetpack_publicize_connections":[],"jetpack_featured_media_url":"https:\/\/portalmovil.com.ar\/wp-content\/uploads\/2020\/09\/ley_de_alquileres.jpg","jetpack_sharing_enabled":true,"amp_enabled":true,"_links":{"self":[{"href":"https:\/\/portalmovil.com.ar\/index.php\/wp-json\/wp\/v2\/posts\/50908","targetHints":{"allow":["GET"]}}],"collection":[{"href":"https:\/\/portalmovil.com.ar\/index.php\/wp-json\/wp\/v2\/posts"}],"about":[{"href":"https:\/\/portalmovil.com.ar\/index.php\/wp-json\/wp\/v2\/types\/post"}],"author":[{"embeddable":true,"href":"https:\/\/portalmovil.com.ar\/index.php\/wp-json\/wp\/v2\/users\/2"}],"replies":[{"embeddable":true,"href":"https:\/\/portalmovil.com.ar\/index.php\/wp-json\/wp\/v2\/comments?post=50908"}],"version-history":[{"count":1,"href":"https:\/\/portalmovil.com.ar\/index.php\/wp-json\/wp\/v2\/posts\/50908\/revisions"}],"predecessor-version":[{"id":50909,"href":"https:\/\/portalmovil.com.ar\/index.php\/wp-json\/wp\/v2\/posts\/50908\/revisions\/50909"}],"wp:featuredmedia":[{"embeddable":true,"href":"https:\/\/portalmovil.com.ar\/index.php\/wp-json\/wp\/v2\/media\/12644"}],"wp:attachment":[{"href":"https:\/\/portalmovil.com.ar\/index.php\/wp-json\/wp\/v2\/media?parent=50908"}],"wp:term":[{"taxonomy":"category","embeddable":true,"href":"https:\/\/portalmovil.com.ar\/index.php\/wp-json\/wp\/v2\/categories?post=50908"},{"taxonomy":"post_tag","embeddable":true,"href":"https:\/\/portalmovil.com.ar\/index.php\/wp-json\/wp\/v2\/tags?post=50908"}],"curies":[{"name":"wp","href":"https:\/\/api.w.org\/{rel}","templated":true}]}}