{"id":50745,"date":"2022-02-15T19:36:18","date_gmt":"2022-02-15T22:36:18","guid":{"rendered":"https:\/\/portalmovil.com.ar\/?p=50745"},"modified":"2022-02-15T19:36:19","modified_gmt":"2022-02-15T22:36:19","slug":"el-presidente-de-sameep-renuncio-por-las-diferencia-que-tuvo-con-perez-pons","status":"publish","type":"post","link":"https:\/\/portalmovil.com.ar\/index.php\/2022\/02\/15\/el-presidente-de-sameep-renuncio-por-las-diferencia-que-tuvo-con-perez-pons\/","title":{"rendered":"El presidente de Sameep renunci\u00f3 por las diferencia que tuvo con P\u00e9rez Pons"},"content":{"rendered":"\n<p>Este martes, present\u00f3 su dimisi\u00f3n \u00abindeclinable\u00bb del cargo como presidente de Sameep, Leonardo Dar\u00edo Aguz\u00edn, a trav\u00e9s de una carta dirigida al gobernador Jorge Capitanich, donde explic\u00f3 que el motivo de su salida se deb\u00eda a \u00abcontinuas e irremediables desavenencias con el ministro de Planificaci\u00f3n, Econom\u00eda e Infraestructura de la Provincia\u00bb.<\/p>\n\n\n\n<figure class=\"wp-block-image size-large\"><img loading=\"lazy\" decoding=\"async\" width=\"768\" height=\"1024\" src=\"https:\/\/portalmovil.com.ar\/wp-content\/uploads\/2022\/02\/a86ee40d-2535-4660-beb5-28faef7fa03c-768x1024.jpg\" alt=\"\" class=\"wp-image-50746\" srcset=\"https:\/\/portalmovil.com.ar\/wp-content\/uploads\/2022\/02\/a86ee40d-2535-4660-beb5-28faef7fa03c-768x1024.jpg 768w, https:\/\/portalmovil.com.ar\/wp-content\/uploads\/2022\/02\/a86ee40d-2535-4660-beb5-28faef7fa03c-225x300.jpg 225w, https:\/\/portalmovil.com.ar\/wp-content\/uploads\/2022\/02\/a86ee40d-2535-4660-beb5-28faef7fa03c.jpg 900w\" sizes=\"auto, (max-width: 768px) 100vw, 768px\" \/><\/figure>\n\n\n\n<figure class=\"wp-block-image size-large\"><img loading=\"lazy\" decoding=\"async\" width=\"768\" height=\"1024\" src=\"https:\/\/portalmovil.com.ar\/wp-content\/uploads\/2022\/02\/4b998c28-84f9-46e0-85c4-e9449f8cbd22-768x1024.jpg\" alt=\"\" class=\"wp-image-50747\" srcset=\"https:\/\/portalmovil.com.ar\/wp-content\/uploads\/2022\/02\/4b998c28-84f9-46e0-85c4-e9449f8cbd22-768x1024.jpg 768w, https:\/\/portalmovil.com.ar\/wp-content\/uploads\/2022\/02\/4b998c28-84f9-46e0-85c4-e9449f8cbd22-225x300.jpg 225w, https:\/\/portalmovil.com.ar\/wp-content\/uploads\/2022\/02\/4b998c28-84f9-46e0-85c4-e9449f8cbd22.jpg 900w\" sizes=\"auto, (max-width: 768px) 100vw, 768px\" \/><\/figure>\n\n\n\n<p>En el texto, Aguz\u00edn explica que las rispideces con Santiago P\u00e9rez Pons iniciaron \u00abcon la diferencia en la evaluaci\u00f3n y acci\u00f3n frente a graves faltas administrativas cometidas por personal designado por el ministro y de su entera confianza\u00bb.&nbsp;<\/p>\n\n\n\n<p>Y continu\u00f3: \u00abLa transparencia en mis acciones, respaldada por los treinta y cinco a\u00f1os de trayectoria en la actividad privada, sin negociar mis convicciones y mi paso por esta empresa no va a ser una excepci\u00f3n\u00bb, escribi\u00f3 Aguz\u00edn, poniendo en duda el trabajo del ministro P\u00e9rez Pons, quien asumi\u00f3 hace un a\u00f1o.<\/p>\n\n\n\n<p>\u00abLas circunstancias precedentemente mencionadas hicieron imposible un trabajo arm\u00f3nico en el \u00faltimo mes y medio, menoscabando el correcto desempe\u00f1o y desenvolvimiento de la empresa\u00bb, explic\u00f3 el ahora expresidente de Sameep quien afirm\u00f3 no tener di\u00e1logo con el ministro.<\/p>\n\n\n\n<p>Luego de destacar al gobernador que hab\u00eda sido convocado por \u00e9l, Aguz\u00edn realiz\u00f3 un repaso de los \u00abhitos importantes\u00bb de su gesti\u00f3n que dur\u00f3 once meses.<\/p>\n\n\n\n<p>Entre la lista incluy\u00f3 el servicio de agua potable en Charata, inicio de la planta potabilizadora del Segundo acueducto, comienzo de pintado en Nueva Pompeya y de la planta de l\u00edquidos cloacales, aumento de la recaudaci\u00f3n del 70% interanual, entre otros.<\/p>\n\n\n\n<p>Finalmente, en la carta, Aguz\u00edn agradeci\u00f3 el \u00abapoyo incondicional de cada uno de los agentes de Sameep que se brindaron para ser parte de estos once meses intensos\u00bb.<\/p>\n","protected":false},"excerpt":{"rendered":"<p>Este martes, present\u00f3 su dimisi\u00f3n \u00abindeclinable\u00bb del cargo como presidente de Sameep, Leonardo Dar\u00edo Aguz\u00edn, a trav\u00e9s de una carta dirigida al gobernador Jorge Capitanich, donde explic\u00f3 que el motivo de su salida se deb\u00eda a \u00abcontinuas e irremediables desavenencias con el ministro de Planificaci\u00f3n, Econom\u00eda e Infraestructura de la Provincia\u00bb. En el texto, Aguz\u00edn &hellip;<\/p>\n","protected":false},"author":2,"featured_media":50748,"comment_status":"open","ping_status":"open","sticky":false,"template":"","format":"standard","meta":{"_jetpack_memberships_contains_paid_content":false,"footnotes":"","jetpack_publicize_message":"","jetpack_publicize_feature_enabled":true,"jetpack_social_post_already_shared":true,"jetpack_social_options":{"image_generator_settings":{"template":"highway","default_image_id":0,"font":"","enabled":false},"version":2}},"categories":[5,14],"tags":[],"class_list":["post-50745","post","type-post","status-publish","format-standard","has-post-thumbnail","hentry","category-chaco","category-politica"],"jetpack_publicize_connections":[],"jetpack_featured_media_url":"https:\/\/portalmovil.com.ar\/wp-content\/uploads\/2022\/02\/a4c1fd7f-d9bf-4db8-8926-916dc99ea541.jpg","jetpack_sharing_enabled":true,"amp_enabled":true,"_links":{"self":[{"href":"https:\/\/portalmovil.com.ar\/index.php\/wp-json\/wp\/v2\/posts\/50745","targetHints":{"allow":["GET"]}}],"collection":[{"href":"https:\/\/portalmovil.com.ar\/index.php\/wp-json\/wp\/v2\/posts"}],"about":[{"href":"https:\/\/portalmovil.com.ar\/index.php\/wp-json\/wp\/v2\/types\/post"}],"author":[{"embeddable":true,"href":"https:\/\/portalmovil.com.ar\/index.php\/wp-json\/wp\/v2\/users\/2"}],"replies":[{"embeddable":true,"href":"https:\/\/portalmovil.com.ar\/index.php\/wp-json\/wp\/v2\/comments?post=50745"}],"version-history":[{"count":1,"href":"https:\/\/portalmovil.com.ar\/index.php\/wp-json\/wp\/v2\/posts\/50745\/revisions"}],"predecessor-version":[{"id":50749,"href":"https:\/\/portalmovil.com.ar\/index.php\/wp-json\/wp\/v2\/posts\/50745\/revisions\/50749"}],"wp:featuredmedia":[{"embeddable":true,"href":"https:\/\/portalmovil.com.ar\/index.php\/wp-json\/wp\/v2\/media\/50748"}],"wp:attachment":[{"href":"https:\/\/portalmovil.com.ar\/index.php\/wp-json\/wp\/v2\/media?parent=50745"}],"wp:term":[{"taxonomy":"category","embeddable":true,"href":"https:\/\/portalmovil.com.ar\/index.php\/wp-json\/wp\/v2\/categories?post=50745"},{"taxonomy":"post_tag","embeddable":true,"href":"https:\/\/portalmovil.com.ar\/index.php\/wp-json\/wp\/v2\/tags?post=50745"}],"curies":[{"name":"wp","href":"https:\/\/api.w.org\/{rel}","templated":true}]}}