{"id":50531,"date":"2022-02-11T17:08:28","date_gmt":"2022-02-11T20:08:28","guid":{"rendered":"https:\/\/portalmovil.com.ar\/?p=50531"},"modified":"2022-02-11T17:08:31","modified_gmt":"2022-02-11T20:08:31","slug":"crimen-del-exrugbier-marcelo-longhi-el-casero-fue-trasladado-a-buenos-aires","status":"publish","type":"post","link":"https:\/\/portalmovil.com.ar\/index.php\/2022\/02\/11\/crimen-del-exrugbier-marcelo-longhi-el-casero-fue-trasladado-a-buenos-aires\/","title":{"rendered":"Crimen del exrugbier Marcelo Longhi: el casero fue trasladado a Buenos Aires"},"content":{"rendered":"\n<p>Una comisi\u00f3n de la Polic\u00eda bonaerense lleg\u00f3 a Resistencia para trasladar a Ram\u00f3n Flores,\u00a0detenido el pasado martes por ser el segundo presunto implicado en el asesinato de Marcelo Longhi, ocurrido en la ciudad de Luj\u00e1n a mediados de enero.<\/p>\n\n\n\n<p>El 8 de febrero pasado, Flores fue hallado en Resistencia tras permanecer pr\u00f3fugo de la Justicia y, desde entonces permanec\u00eda alojado en el Departamento Investigaciones Complejas, por el crimen del exrugbier.<\/p>\n\n\n\n<p>Tras ser detenido, Flores fue trasladado a Capital Federal donde quedara a resguardo del Juzgado de Garant\u00edas N\u00b0 1 de Lujan, ciudad donde ocurri\u00f3 el crimen de Longhi.<\/p>\n\n\n\n<figure class=\"wp-block-image is-resized\"><img loading=\"lazy\" decoding=\"async\" src=\"http:\/\/datachaco.com\/download\/multimedia.normal.9e27d7b803ef8df7.6c6f6e6768695f6e6f726d616c2e77656270.webp\" alt=\"longhi\" width=\"911\" height=\"911\"\/><figcaption>Marcelo Longhi.<\/figcaption><\/figure>\n\n\n\n<h3 class=\"wp-block-heading\"><strong>LA DETENCI\u00d3N DEL CASERO<\/strong><\/h3>\n\n\n\n<p>Pasado el mediod\u00eda de este martes, la Polic\u00eda del Chaco logr\u00f3 dar con el paradero de Ram\u00f3n Flores, quien fue detenido en la avenida San Mart\u00edn, de Resistencia, por estar acusado del asesinato del exrugbier, Marcelo Longhi, el cual ocurri\u00f3 el pasado 12 de enero, en la ciudad bonaerense de Luj\u00e1n.<\/p>\n\n\n\n<p>Seg\u00fan la fiscal Mariana Su\u00e1rez, titular de la Unidad Funcional de Instrucci\u00f3n (UFI) 9 de Luj\u00e1n, Flores quien era el casero del campo ubicado en la zona de Tom\u00e1s Jofre, habr\u00eda actuado en complicidad junto a Pablo Achard, socio y amigo de la v\u00edctima, que ya se encuentra detenido.<\/p>\n\n\n\n<p>Tras ser considerado como pr\u00f3fugo de la Justicia, Flores hu\u00eda de domicilio en domicilio en un auto Toyota Ethios, hasta que fue identificado por la Divisi\u00f3n de Delitos contra las Personas que inici\u00f3 una persecuci\u00f3n por la avenida San Mart\u00edn de la localidad que termin\u00f3 con su captura.<\/p>\n\n\n\n<p>Por lo que, alrededor de las 12:30, el casero fue puesto a disposici\u00f3n de la Justicia chaque\u00f1a, y seg\u00fan anticiparon desde la Polic\u00eda del Chaco, ser\u00e1 trasladado a provincia de Buenos Aires pr\u00f3ximamente, para que las autoridades de Luj\u00e1n, lugar donde se cometi\u00f3 el crimen, contin\u00faen con la investigaci\u00f3n.<\/p>\n\n\n\n<p>Seg\u00fan el comisario mayor Mauricio Ram\u00edrez, Flores \u00abhabr\u00eda arribado a la provincia unos 7 o 10 d\u00edas despu\u00e9s de que ocurri\u00f3 el crimen\u00bb.<\/p>\n\n\n\n<p>Desde la fiscal\u00eda que lidera Mariana Su\u00e1rez aseguraron que Flores registra otra causa por homicidio agravado por el uso de arma de fuego, un hecho ocurrido en Chaco. Por el asesinato de Longhi, al igual que a Achard, se lo imputa por el delito de homicidio simple.<\/p>\n\n\n\n<p>Flores estaba pr\u00f3fugo luego de no presentarse ante la Justicia de Resistencia, como lo hab\u00eda asegurado a trav\u00e9s de su abogado, ya que la fiscal Mariana Su\u00e1rez, titular de la Unidad Funcional de Instrucci\u00f3n (UFI) 9 de Luj\u00e1n, lo imput\u00f3 como coautor del crimen de Longhi, ocurrido el 12 de enero pasado.<\/p>\n\n\n\n<p>El otro detenido es Pablo Javier Achard, amigo y socio de la v\u00edctima, que se neg\u00f3 a declarar tras ser apuntado como el principal sospechoso ya que estaba con Longhi en el campo cuando se produjo el asesinato.<\/p>\n\n\n\n<p>El giro en la investigaci\u00f3n surgi\u00f3 de un informe m\u00e9dico que determin\u00f3 que la v\u00edctima no pudo haber salido con vida de su campo de la localidad bonaerense de Tomas Jofr\u00e9, como se crey\u00f3 en un principio.<\/p>\n\n\n\n<h3 class=\"wp-block-heading\"><strong>EL CRIMEN<\/strong><\/h3>\n\n\n\n<p>A mediados de enero, la Polic\u00eda de Buenos Aires fue alertada a trav\u00e9s de un llamado al 911, sobre el hallazgo de &nbsp;una camioneta Ford Ranger, a metros de la Ruta Provincial 42, a la altura de Luj\u00e1n. Al llegar, donde los efectivos arribaron y al revisar el veh\u00edculo, encontraron el cuerpo de Marcelo Longhi, un ex rugbier de 58 a\u00f1os, actual presidente del Club Municipalidad de la Ciudad de Vicente L\u00f3pez (Vilo) y empleado de esa comuna desde 2012.<\/p>\n\n\n\n<p>La Ford Ranger de color gris estaba a 15 metros de la cinta asf\u00e1ltica, entre unos pastizales, explicaron las fuentes de la investigaci\u00f3n. Mientras que el cuerpo de Lonhi presentaba \u201cescoriaciones en sus brazos, rodillas y pies, con sangrado en su rostro\u201d, detallaron. Tambi\u00e9n notaron una herida cortante en la nuca. Y ampliaron que en el habit\u00e1culo de la camioneta se hall\u00f3 el celular de la v\u00edctima y varias latas de cerveza. Tambi\u00e9n se habla de que se habr\u00eda encontrado una suma importante de dinero.<\/p>\n\n\n\n<p>Lo cierto es que lo que m\u00e1s les llam\u00f3 la atenci\u00f3n a los investigadores es que a un kil\u00f3metro de donde estaba la camioneta, en el puente del Arroyo La Choza, los peritos encontraron signos de arrastres.<\/p>\n\n\n\n<p>Luego, la autopsia determin\u00f3 que la v\u00edctima no pudo haber salido con vida de su campo de la localidad bonaerense de Tomas Jofr\u00e9, como se crey\u00f3 en un principio y la investigaci\u00f3n apunt\u00f3 contra su socio, Pablo Javier Achard y el casero del campo, Ram\u00f3n Flores, recientemente detenido en su provincia natal.<\/p>\n","protected":false},"excerpt":{"rendered":"<p>Una comisi\u00f3n de la Polic\u00eda bonaerense lleg\u00f3 a Resistencia para trasladar a Ram\u00f3n Flores,\u00a0detenido el pasado martes por ser el segundo presunto implicado en el asesinato de Marcelo Longhi, ocurrido en la ciudad de Luj\u00e1n a mediados de enero. El 8 de febrero pasado, Flores fue hallado en Resistencia tras permanecer pr\u00f3fugo de la Justicia &hellip;<\/p>\n","protected":false},"author":2,"featured_media":50532,"comment_status":"open","ping_status":"open","sticky":false,"template":"","format":"standard","meta":{"_jetpack_memberships_contains_paid_content":false,"footnotes":"","jetpack_publicize_message":"","jetpack_publicize_feature_enabled":true,"jetpack_social_post_already_shared":true,"jetpack_social_options":{"image_generator_settings":{"template":"highway","default_image_id":0,"font":"","enabled":false},"version":2}},"categories":[5,8],"tags":[],"class_list":["post-50531","post","type-post","status-publish","format-standard","has-post-thumbnail","hentry","category-chaco","category-policiales"],"jetpack_publicize_connections":[],"jetpack_featured_media_url":"https:\/\/portalmovil.com.ar\/wp-content\/uploads\/2022\/02\/def29581-3e03-4b35-a9c0-a5d9dbc12b72.jpg","jetpack_sharing_enabled":true,"amp_enabled":true,"_links":{"self":[{"href":"https:\/\/portalmovil.com.ar\/index.php\/wp-json\/wp\/v2\/posts\/50531","targetHints":{"allow":["GET"]}}],"collection":[{"href":"https:\/\/portalmovil.com.ar\/index.php\/wp-json\/wp\/v2\/posts"}],"about":[{"href":"https:\/\/portalmovil.com.ar\/index.php\/wp-json\/wp\/v2\/types\/post"}],"author":[{"embeddable":true,"href":"https:\/\/portalmovil.com.ar\/index.php\/wp-json\/wp\/v2\/users\/2"}],"replies":[{"embeddable":true,"href":"https:\/\/portalmovil.com.ar\/index.php\/wp-json\/wp\/v2\/comments?post=50531"}],"version-history":[{"count":1,"href":"https:\/\/portalmovil.com.ar\/index.php\/wp-json\/wp\/v2\/posts\/50531\/revisions"}],"predecessor-version":[{"id":50533,"href":"https:\/\/portalmovil.com.ar\/index.php\/wp-json\/wp\/v2\/posts\/50531\/revisions\/50533"}],"wp:featuredmedia":[{"embeddable":true,"href":"https:\/\/portalmovil.com.ar\/index.php\/wp-json\/wp\/v2\/media\/50532"}],"wp:attachment":[{"href":"https:\/\/portalmovil.com.ar\/index.php\/wp-json\/wp\/v2\/media?parent=50531"}],"wp:term":[{"taxonomy":"category","embeddable":true,"href":"https:\/\/portalmovil.com.ar\/index.php\/wp-json\/wp\/v2\/categories?post=50531"},{"taxonomy":"post_tag","embeddable":true,"href":"https:\/\/portalmovil.com.ar\/index.php\/wp-json\/wp\/v2\/tags?post=50531"}],"curies":[{"name":"wp","href":"https:\/\/api.w.org\/{rel}","templated":true}]}}