{"id":50484,"date":"2022-02-10T19:09:07","date_gmt":"2022-02-10T22:09:07","guid":{"rendered":"https:\/\/portalmovil.com.ar\/?p=50484"},"modified":"2022-02-10T19:09:20","modified_gmt":"2022-02-10T22:09:20","slug":"transporte-gestiono-credenciales-sube-para-personas-con-discapacidad","status":"publish","type":"post","link":"https:\/\/portalmovil.com.ar\/index.php\/2022\/02\/10\/transporte-gestiono-credenciales-sube-para-personas-con-discapacidad\/","title":{"rendered":"Transporte gestion\u00f3 credenciales sube para personas con discapacidad"},"content":{"rendered":"\n<p>La Subsecretar\u00eda de Transporte, dependiente del Ministerio Planificaci\u00f3n, Econom\u00eda e Infraestructura de la provincia, llev\u00f3 adelante un nuevo operativo de tarjetas SUBE destinado a personas con discapacidad en la localidad de Miraflores. La actividad se desarroll\u00f3 en el Centro Integrador Comunitario de la localidad, y forma parte de las pol\u00edticas que realiza el gobierno del Chaco para mejorar la accesibilidad de las personas con discapacidad. Un equipo t\u00e9cnico acompa\u00f1\u00f3 la gesti\u00f3n y m\u00e1s de 50 personas pudieron acceder a este derecho junto a sus acompa\u00f1antes.<\/p>\n\n\n\n<p>Gracias a esta pol\u00edtica, podr\u00e1n acceder a boletos gratuitos para l\u00edneas urbanas e interurbanas de colectivos en Resistencia y el \u00e1rea metropolitana, como tambi\u00e9n para el transporte desde Miraflores hacia la capital u otras localidades en el resto de la provincia. En ese sentido, el subsecretario Tom\u00e1s Yazlle anticip\u00f3 que \u201ccon la entrega de nuevas tarjetas, las y los beneficiarios acceden a pasajes gratuitos para ellos y un acompa\u00f1ante, dentro del transporte p\u00fablico de pasajeros urbano e interurbano de todo el territorio provincial\u00bb.<\/p>\n\n\n\n<p>\u00abEl gobierno busca seguir cumpliendo as\u00ed m\u00e1s espacios de inclusi\u00f3n y garantizando derechos para todos y todas, en los 69 municipios del Chaco\u201d, agreg\u00f3 el funcionario. Este tipo de operativos se reiteran semana a semana con el objetivo de acercar esta gesti\u00f3n a familias en todo el territorio provincial. El pr\u00f3ximo viernes 18 de febrero se realizar\u00e1 un nuevo operativo en Santa Sylvina. Para poder tramitar este beneficio se debe presentar en cada operativo, fotocopia del CUD (Certificado \u00danico de Discapacidad) fotocopia de DNI del titular y de un posible acompa\u00f1ante.<\/p>\n","protected":false},"excerpt":{"rendered":"<p>La Subsecretar\u00eda de Transporte, dependiente del Ministerio Planificaci\u00f3n, Econom\u00eda e Infraestructura de la provincia, llev\u00f3 adelante un nuevo operativo de tarjetas SUBE destinado a personas con discapacidad en la localidad de Miraflores. La actividad se desarroll\u00f3 en el Centro Integrador Comunitario de la localidad, y forma parte de las pol\u00edticas que realiza el gobierno del &hellip;<\/p>\n","protected":false},"author":2,"featured_media":50485,"comment_status":"open","ping_status":"open","sticky":false,"template":"","format":"standard","meta":{"_jetpack_memberships_contains_paid_content":false,"footnotes":"","jetpack_publicize_message":"","jetpack_publicize_feature_enabled":true,"jetpack_social_post_already_shared":true,"jetpack_social_options":{"image_generator_settings":{"template":"highway","default_image_id":0,"font":"","enabled":false},"version":2}},"categories":[28,5],"tags":[],"class_list":["post-50484","post","type-post","status-publish","format-standard","has-post-thumbnail","hentry","category-actualidad","category-chaco"],"jetpack_publicize_connections":[],"jetpack_featured_media_url":"https:\/\/portalmovil.com.ar\/wp-content\/uploads\/2022\/02\/62055db11fd49175481068.jpg","jetpack_sharing_enabled":true,"amp_enabled":true,"_links":{"self":[{"href":"https:\/\/portalmovil.com.ar\/index.php\/wp-json\/wp\/v2\/posts\/50484","targetHints":{"allow":["GET"]}}],"collection":[{"href":"https:\/\/portalmovil.com.ar\/index.php\/wp-json\/wp\/v2\/posts"}],"about":[{"href":"https:\/\/portalmovil.com.ar\/index.php\/wp-json\/wp\/v2\/types\/post"}],"author":[{"embeddable":true,"href":"https:\/\/portalmovil.com.ar\/index.php\/wp-json\/wp\/v2\/users\/2"}],"replies":[{"embeddable":true,"href":"https:\/\/portalmovil.com.ar\/index.php\/wp-json\/wp\/v2\/comments?post=50484"}],"version-history":[{"count":1,"href":"https:\/\/portalmovil.com.ar\/index.php\/wp-json\/wp\/v2\/posts\/50484\/revisions"}],"predecessor-version":[{"id":50486,"href":"https:\/\/portalmovil.com.ar\/index.php\/wp-json\/wp\/v2\/posts\/50484\/revisions\/50486"}],"wp:featuredmedia":[{"embeddable":true,"href":"https:\/\/portalmovil.com.ar\/index.php\/wp-json\/wp\/v2\/media\/50485"}],"wp:attachment":[{"href":"https:\/\/portalmovil.com.ar\/index.php\/wp-json\/wp\/v2\/media?parent=50484"}],"wp:term":[{"taxonomy":"category","embeddable":true,"href":"https:\/\/portalmovil.com.ar\/index.php\/wp-json\/wp\/v2\/categories?post=50484"},{"taxonomy":"post_tag","embeddable":true,"href":"https:\/\/portalmovil.com.ar\/index.php\/wp-json\/wp\/v2\/tags?post=50484"}],"curies":[{"name":"wp","href":"https:\/\/api.w.org\/{rel}","templated":true}]}}