{"id":50425,"date":"2022-02-10T12:04:22","date_gmt":"2022-02-10T15:04:22","guid":{"rendered":"https:\/\/portalmovil.com.ar\/?p=50425"},"modified":"2022-02-10T12:04:25","modified_gmt":"2022-02-10T15:04:25","slug":"aseguran-que-la-situacion-de-los-incendios-en-chaco-es-preocupante","status":"publish","type":"post","link":"https:\/\/portalmovil.com.ar\/index.php\/2022\/02\/10\/aseguran-que-la-situacion-de-los-incendios-en-chaco-es-preocupante\/","title":{"rendered":"Aseguran que la situaci\u00f3n de los incendios en Chaco \u201ces preocupante\u201d"},"content":{"rendered":"\n<p>El presidente de la Compa\u00f1\u00eda Forestal del Chaco (CorFor S.A),\u00a0<strong>Sergio Soto<\/strong>, en una entrevista radial, asegur\u00f3 que la situaci\u00f3n local sobre los incendios\u00a0<strong>\u201ces preocupante\u201d<\/strong>, y plante\u00f3 que, en vistas a los acontecimientos clim\u00e1ticos mundiales, se trabaja en el territorio chaque\u00f1o con mecanismos de producci\u00f3n \u201camigables con el ambiente\u201d. Adem\u00e1s, agreg\u00f3 que se impulsa un requerimiento de reconocimiento financiero por el aporte del Chaco al ambiente mundial.<\/p>\n\n\n\n<p>Respecto de los incendios, Soto explic\u00f3 que diariamente reciben informaci\u00f3n desde una plataforma internacional con los focos activos en la provincia, por lo cual, precis\u00f3 que estos \u201choy no tienen la magnitud de otro momento, no son grandes en superficies,&nbsp;<strong>pero son muchos en peque\u00f1as superficies<\/strong>\u201d.<\/p>\n\n\n\n<p>Sobre ello, analiz\u00f3 que \u201cmuchos se deben a causas que no son naturales, provocados por maniobras de algunos que pretenden \u2018limpiar campos\u2019, o bien, los vinculados a \u00e1reas urbanas, relacionados a minibasurales\u201d, y sostuvo, ante esto, que&nbsp;<strong>\u201cdebemos tomar conciencia, porque es permanente y sistem\u00e1tico, y est\u00e1 vinculado con la concepci\u00f3n del ambiente, que lo seguimos considerando como canasta de recursos\u201d<\/strong>.<\/p>\n\n\n\n<h3 class=\"wp-block-heading\">\u201c<strong>No es m\u00e1s rentable producir fuera de la naturaleza\u201d<\/strong><\/h3>\n\n\n\n<p>En contexto de la situaci\u00f3n de incendios y otros acontecimientos clim\u00e1ticos que vienen azotando diferentes regiones del mundo, Soto explic\u00f3 que actualmente \u201cestamos observando situaciones extremas\u201d, y agreg\u00f3 que&nbsp;<strong>\u201clos indicadores ambientales, en la situaci\u00f3n global, evidencian mayor frecuencia en estas situaciones extremas que ocurr\u00edan de forma m\u00e1s atemperada\u201d<\/strong>. \u201cEl impacto sobre el ambiente es diferente, se est\u00e1n alterado los ciclos de nitr\u00f3geno y f\u00f3sforo, elementos claves para la regulaci\u00f3n productiva sustentable\u201d, se\u00f1al\u00f3.<\/p>\n\n\n\n<p>De cara con este escenario, plante\u00f3 que una alternativa de salida ser\u00eda el impulso de \u201cactividades productivas amigables con el ambiente\u201d, las cuales, recomienda, deben ser \u201cbajas en carbono, que no liberen tanto di\u00f3xido a la atm\u00f3sfera, y con propensi\u00f3n a utilizar productos alternativos\u201d. \u201cHoy estamos intentando consolidar, con peque\u00f1os productores y desde terrenos propios, la producci\u00f3n con derivados de algarroba, el \u00e1rbol de la brea y el bistol, que son \u00e1rboles nativos con enorme posibilidad de producir alimentos, bebidas, etc\u201d, coment\u00f3.<\/p>\n\n\n\n<p>Adem\u00e1s, el titular de CorFor, llam\u00f3 a \u201ccontinuar el debate para un ordenamiento territorial de bosques nativos que permita establecer las \u00e1reas verdes, amarillas y rojas\u201d, y remarc\u00f3 que \u201cese debate, seguramente en estos primeros meses del a\u00f1o, va a continuar, y espero podamos desembocar en los acuerdos para lograr un orden ambiental justo, que incluya actividades productivas del bosque con sus comunidades\u201d. \u201cEsa es una salida, tenemos que tratar de juntarnos, y el resultado tiene que ser un ordenamiento\u201d, reiter\u00f3.<\/p>\n\n\n\n<h3 class=\"wp-block-heading\">C<strong>onsiderar a Chaco como \u201cacreedora ambiental\u201d<\/strong><\/h3>\n\n\n\n<p>Por otra parte, el presidente de la Compa\u00f1\u00eda coment\u00f3 que se debe considerar a la provincia como&nbsp;<strong>\u201cacreedora ambiental\u201d<\/strong>, lo cual, explic\u00f3, responde a \u201clos servicios ecosist\u00e9micos que presta al mundo\u201d.&nbsp;<strong>\u201cEso tiene que ser reconocido por alg\u00fan mecanismo financiero por los servicios que presta el monte chaque\u00f1o, que van desde la regulaci\u00f3n del clima a la purificaci\u00f3n del aire\u201d<\/strong>, explic\u00f3.<\/p>\n\n\n\n<p>En ese sentido, remarc\u00f3 que \u201cnuestro Impenetrable es la segunda masa forestal mundial despu\u00e9s del Amazonas\u201d, y a\u00f1adi\u00f3 que \u201clo que el gobernador pretende es generar un token financiero que permita recibir recursos sin endeudamiento, a partir del beneficio del monte chaque\u00f1o para el mundo\u201d.<\/p>\n","protected":false},"excerpt":{"rendered":"<p>El presidente de la Compa\u00f1\u00eda Forestal del Chaco (CorFor S.A),\u00a0Sergio Soto, en una entrevista radial, asegur\u00f3 que la situaci\u00f3n local sobre los incendios\u00a0\u201ces preocupante\u201d, y plante\u00f3 que, en vistas a los acontecimientos clim\u00e1ticos mundiales, se trabaja en el territorio chaque\u00f1o con mecanismos de producci\u00f3n \u201camigables con el ambiente\u201d. Adem\u00e1s, agreg\u00f3 que se impulsa un requerimiento &hellip;<\/p>\n","protected":false},"author":2,"featured_media":50426,"comment_status":"open","ping_status":"open","sticky":false,"template":"","format":"standard","meta":{"_jetpack_memberships_contains_paid_content":false,"footnotes":"","jetpack_publicize_message":"","jetpack_publicize_feature_enabled":true,"jetpack_social_post_already_shared":true,"jetpack_social_options":{"image_generator_settings":{"template":"highway","default_image_id":0,"font":"","enabled":false},"version":2}},"categories":[28],"tags":[],"class_list":["post-50425","post","type-post","status-publish","format-standard","has-post-thumbnail","hentry","category-actualidad"],"jetpack_publicize_connections":[],"jetpack_featured_media_url":"https:\/\/portalmovil.com.ar\/wp-content\/uploads\/2022\/02\/537ea9df-d09e-456f-ae95-5aad5a929eec.jpg","jetpack_sharing_enabled":true,"amp_enabled":true,"_links":{"self":[{"href":"https:\/\/portalmovil.com.ar\/index.php\/wp-json\/wp\/v2\/posts\/50425","targetHints":{"allow":["GET"]}}],"collection":[{"href":"https:\/\/portalmovil.com.ar\/index.php\/wp-json\/wp\/v2\/posts"}],"about":[{"href":"https:\/\/portalmovil.com.ar\/index.php\/wp-json\/wp\/v2\/types\/post"}],"author":[{"embeddable":true,"href":"https:\/\/portalmovil.com.ar\/index.php\/wp-json\/wp\/v2\/users\/2"}],"replies":[{"embeddable":true,"href":"https:\/\/portalmovil.com.ar\/index.php\/wp-json\/wp\/v2\/comments?post=50425"}],"version-history":[{"count":1,"href":"https:\/\/portalmovil.com.ar\/index.php\/wp-json\/wp\/v2\/posts\/50425\/revisions"}],"predecessor-version":[{"id":50427,"href":"https:\/\/portalmovil.com.ar\/index.php\/wp-json\/wp\/v2\/posts\/50425\/revisions\/50427"}],"wp:featuredmedia":[{"embeddable":true,"href":"https:\/\/portalmovil.com.ar\/index.php\/wp-json\/wp\/v2\/media\/50426"}],"wp:attachment":[{"href":"https:\/\/portalmovil.com.ar\/index.php\/wp-json\/wp\/v2\/media?parent=50425"}],"wp:term":[{"taxonomy":"category","embeddable":true,"href":"https:\/\/portalmovil.com.ar\/index.php\/wp-json\/wp\/v2\/categories?post=50425"},{"taxonomy":"post_tag","embeddable":true,"href":"https:\/\/portalmovil.com.ar\/index.php\/wp-json\/wp\/v2\/tags?post=50425"}],"curies":[{"name":"wp","href":"https:\/\/api.w.org\/{rel}","templated":true}]}}