{"id":50384,"date":"2022-02-09T15:56:58","date_gmt":"2022-02-09T18:56:58","guid":{"rendered":"https:\/\/portalmovil.com.ar\/?p=50384"},"modified":"2022-02-09T15:57:01","modified_gmt":"2022-02-09T18:57:01","slug":"resistencia-pone-en-condiciones-la-avenida-urquiza-para-mejorar-el-transito-vehicular","status":"publish","type":"post","link":"https:\/\/portalmovil.com.ar\/index.php\/2022\/02\/09\/resistencia-pone-en-condiciones-la-avenida-urquiza-para-mejorar-el-transito-vehicular\/","title":{"rendered":"Resistencia pone en condiciones la avenida Urquiza para mejorar el tr\u00e1nsito vehicular"},"content":{"rendered":"\n<p>El Municipio de Resistencia ejecuta el arreglo de calles no pavimentadas sobre la avenida Urquiza, desde la altura del 2400 al 3200, al sur del canal Soberan\u00eda Nacional.<\/p>\n\n\n\n<p>All\u00ed, con una m\u00e1quina motoniveladora, agentes comunales de la Direcci\u00f3n de Servicios Generales, realizaron el reacondicionamiento de suelo con el posterior relleno y regado para lograr la efectiva compactaci\u00f3n de ese sector que posee un intenso tr\u00e1nsito vehicular.<\/p>\n\n\n\n<p>Sobre esa actividad, el secretario de Servicios P\u00fablicos, Claudio Westtein, subray\u00f3 la continuidad de este servicio para que \u201cla gente pueda transitar de manera frecuente y segura\u201d, indicando que se hace lo propio por la avenida Bogot\u00e1 en la zona oeste.<\/p>\n\n\n\n<p>\u201cDe esta manera, vamos a cumplir con la demanda de los vecinos que circulan por la avenida Urquiza, porque el objetivo del intendente Gustavo Mart\u00ednez es llegar a cada rinc\u00f3n de Resistencia, ver cu\u00e1les son las necesidades y atenderlas, optimizando nuestro recurso m\u00e1s preciado que es nuestro personal\u201d, resalt\u00f3.<\/p>\n\n\n\n<p>Por otro lado, agreg\u00f3: \u201cEstamos hace poco m\u00e1s de dos a\u00f1os al frente de la gesti\u00f3n y notamos las falencias que hab\u00eda. A partir de esto, Gustavo diagram\u00f3 un esquema de trabajo que extiende los servicios porque ve\u00edamos un crecimiento en la ciudad, pero desordenado\u201d.<\/p>\n\n\n\n<p>Por su parte, el subsecretario de Infraestructura y Equipamiento Urbano, Marcos Pereyra, detall\u00f3 que fue clave el rol de las comisiones vecinales que intermediaron en los reclamos de vecinos y vecinas para que esta intervenci\u00f3n pueda ejecutarse de manera efectiva.<\/p>\n","protected":false},"excerpt":{"rendered":"<p>El Municipio de Resistencia ejecuta el arreglo de calles no pavimentadas sobre la avenida Urquiza, desde la altura del 2400 al 3200, al sur del canal Soberan\u00eda Nacional. All\u00ed, con una m\u00e1quina motoniveladora, agentes comunales de la Direcci\u00f3n de Servicios Generales, realizaron el reacondicionamiento de suelo con el posterior relleno y regado para lograr la &hellip;<\/p>\n","protected":false},"author":2,"featured_media":50385,"comment_status":"open","ping_status":"open","sticky":false,"template":"","format":"standard","meta":{"_jetpack_memberships_contains_paid_content":false,"footnotes":"","jetpack_publicize_message":"","jetpack_publicize_feature_enabled":true,"jetpack_social_post_already_shared":true,"jetpack_social_options":{"image_generator_settings":{"template":"highway","default_image_id":0,"font":"","enabled":false},"version":2}},"categories":[37],"tags":[],"class_list":["post-50384","post","type-post","status-publish","format-standard","has-post-thumbnail","hentry","category-resistencia"],"jetpack_publicize_connections":[],"jetpack_featured_media_url":"https:\/\/portalmovil.com.ar\/wp-content\/uploads\/2022\/02\/6203b6885a8f3335319779-scaled.jpg","jetpack_sharing_enabled":true,"amp_enabled":true,"_links":{"self":[{"href":"https:\/\/portalmovil.com.ar\/index.php\/wp-json\/wp\/v2\/posts\/50384","targetHints":{"allow":["GET"]}}],"collection":[{"href":"https:\/\/portalmovil.com.ar\/index.php\/wp-json\/wp\/v2\/posts"}],"about":[{"href":"https:\/\/portalmovil.com.ar\/index.php\/wp-json\/wp\/v2\/types\/post"}],"author":[{"embeddable":true,"href":"https:\/\/portalmovil.com.ar\/index.php\/wp-json\/wp\/v2\/users\/2"}],"replies":[{"embeddable":true,"href":"https:\/\/portalmovil.com.ar\/index.php\/wp-json\/wp\/v2\/comments?post=50384"}],"version-history":[{"count":1,"href":"https:\/\/portalmovil.com.ar\/index.php\/wp-json\/wp\/v2\/posts\/50384\/revisions"}],"predecessor-version":[{"id":50386,"href":"https:\/\/portalmovil.com.ar\/index.php\/wp-json\/wp\/v2\/posts\/50384\/revisions\/50386"}],"wp:featuredmedia":[{"embeddable":true,"href":"https:\/\/portalmovil.com.ar\/index.php\/wp-json\/wp\/v2\/media\/50385"}],"wp:attachment":[{"href":"https:\/\/portalmovil.com.ar\/index.php\/wp-json\/wp\/v2\/media?parent=50384"}],"wp:term":[{"taxonomy":"category","embeddable":true,"href":"https:\/\/portalmovil.com.ar\/index.php\/wp-json\/wp\/v2\/categories?post=50384"},{"taxonomy":"post_tag","embeddable":true,"href":"https:\/\/portalmovil.com.ar\/index.php\/wp-json\/wp\/v2\/tags?post=50384"}],"curies":[{"name":"wp","href":"https:\/\/api.w.org\/{rel}","templated":true}]}}