{"id":5032,"date":"2020-04-12T00:30:38","date_gmt":"2020-04-12T03:30:38","guid":{"rendered":"http:\/\/portalmovil.com.ar\/?p=5032"},"modified":"2020-04-12T00:30:42","modified_gmt":"2020-04-12T03:30:42","slug":"cuarentena-siete-actividades-pasan-a-ser-esenciales","status":"publish","type":"post","link":"https:\/\/portalmovil.com.ar\/index.php\/2020\/04\/12\/cuarentena-siete-actividades-pasan-a-ser-esenciales\/","title":{"rendered":"CUARENTENA: siete actividades pasan a ser esenciales"},"content":{"rendered":"\n<p>El Gobierno oficializ\u00f3 las siete actividades que pasan a ser consideradas como esenciales en el marco de la cuarentena administrada o aislamiento social, preventivo y obligatorio para prevenir el avance de la pandemia de coronavirus en Argentina.<\/p>\n\n\n\n<p>A trav\u00e9s de la Decisi\u00f3n Administrativa 490 a publicarse en el Bolet\u00edn Oficial con firma del ministro de\u00a0Salud, Gin\u00e9s Gonz\u00e1lez Garc\u00eda, y el jefe de Gabinete, Santiago Cafiero, enumeraron los siguientes \u00edtems:<\/p>\n\n\n\n<ol class=\"wp-block-list\"><li><strong>Circulaci\u00f3n de las personas con discapacidad y aquellas comprendidas en el colectivo de trastorno del espectro autista, para realizar breves salidas en la cercan\u00eda de su residencia<\/strong>, junto con un familiar o conviviente. En tales casos, las personas asistidas y su acompa\u00f1ante deber\u00e1n portar sus respectivos Documentos Nacionales de Identidad y el Certificado \u00danico de Discapacidad o la prescripci\u00f3n m\u00e9dica donde se indique el diagn\u00f3stico y la necesidad de salidas, la cual podr\u00e1 ser confeccionada en forma digital.<\/li><li><strong>Prestaciones profesionales a domicilio destinadas a personas con discapacidad y aquellas comprendidas en el colectivo de trastorno del espectro autista<\/strong>. Los profesionales deber\u00e1n portar copia del Documento Nacional de Identidad de la persona bajo tratamiento y del Certificado \u00danico de Discapacidad, o la prescripci\u00f3n m\u00e9dica correspondiente con los requisitos previstos en el inciso anterior.<\/li><li><strong>Actividad bancaria con atenci\u00f3n al p\u00fablico, exclusivamente con sistema de turnos<\/strong>. El Banco Central establecer\u00e1, mientras dure la medida de aislamiento social, preventivo y obligatorio, los t\u00e9rminos y condiciones en los cuales se realizar\u00e1 la actividad bancaria, pudiendo ampliar o restringir d\u00edas y horarios de atenci\u00f3n, servicios a ser prestados y grupos exclusivos o prioritarios de personas a ser atendidas, as\u00ed como todo otro aspecto necesario para dar cumplimiento a las instrucciones y recomendaciones de la autoridad sanitaria.<\/li><li><strong>Talleres para mantenimiento y reparaci\u00f3n de automotores, motocicletas y bicicletas<\/strong>, exclusivamente para transporte p\u00fablico, veh\u00edculos de las fuerzas de seguridad y fuerzas armadas, veh\u00edculos afectados a las prestaciones de salud o al personal con autorizaci\u00f3n para circular, conforme la normativa vigente.<\/li><li><strong>Venta de repuestos, partes y piezas para automotores<\/strong>, motocicletas y bicicletas \u00fanicamente bajo la modalidad de entrega puerta a puerta. En ning\u00fan caso podr\u00e1n realizar atenci\u00f3n al p\u00fablico.<\/li><li><strong>Fabricaci\u00f3n de neum\u00e1ticos<\/strong>; venta y reparaci\u00f3n de los mismos exclusivamente para transporte p\u00fablico, veh\u00edculos de las fuerzas de seguridad y fuerzas armadas, veh\u00edculos afectados a las prestaciones de salud o al personal con autorizaci\u00f3n para circular, conforme la normativa vigente.<\/li><li><strong>Venta de art\u00edculos de librer\u00eda e insumos inform\u00e1ticos<\/strong>, exclusivamente bajo la modalidad de entrega a domiclio. En ning\u00fan caso se podr\u00e1 realizar atenci\u00f3n al p\u00fablico.<\/li><\/ol>\n\n\n\n<p>Adem\u00e1s, se exige a \u00abempleadores y las empleadoras\u00bb a garantizar las condiciones de higiene y seguridad establecidas por el Ministerio de Salud para preservar la salud de las trabajadoras y de los trabajadores\u00bb en el marco del aislamiento o cuarentena administrada.<\/p>\n\n\n\n<p>Talleres mec\u00e1nicos estar\u00e1n alcanzados por las excepciones al aislamiento social, preventivo y obligatorio<\/p>\n\n\n\n<p>Las personas alcanzadas por esta decisi\u00f3n administrativa, con excepci\u00f3n de las personas con discapacidad, autismo, o quienes las asistan y cumplan prestaciones para ellas, deber\u00e1n tramitar el Certificado \u00danico Habilitante para Circulaci\u00f3n \u2013 Emergencia.<\/p>\n","protected":false},"excerpt":{"rendered":"<p>El Gobierno oficializ\u00f3 las siete actividades que pasan a ser consideradas como esenciales en el marco de la cuarentena administrada o aislamiento social, preventivo y obligatorio para prevenir el avance de la pandemia de coronavirus en Argentina. A trav\u00e9s de la Decisi\u00f3n Administrativa 490 a publicarse en el Bolet\u00edn Oficial con firma del ministro de\u00a0Salud, &hellip;<\/p>\n","protected":false},"author":2,"featured_media":5033,"comment_status":"open","ping_status":"open","sticky":false,"template":"","format":"standard","meta":{"_jetpack_memberships_contains_paid_content":false,"footnotes":"","jetpack_publicize_message":"","jetpack_publicize_feature_enabled":true,"jetpack_social_post_already_shared":true,"jetpack_social_options":{"image_generator_settings":{"template":"highway","default_image_id":0,"font":"","enabled":false},"version":2}},"categories":[14,12],"tags":[],"class_list":["post-5032","post","type-post","status-publish","format-standard","has-post-thumbnail","hentry","category-politica","category-ultimo"],"jetpack_publicize_connections":[],"jetpack_featured_media_url":"https:\/\/portalmovil.com.ar\/wp-content\/uploads\/2020\/04\/cuarentena-sigue-1.jpg","jetpack_sharing_enabled":true,"amp_enabled":true,"_links":{"self":[{"href":"https:\/\/portalmovil.com.ar\/index.php\/wp-json\/wp\/v2\/posts\/5032","targetHints":{"allow":["GET"]}}],"collection":[{"href":"https:\/\/portalmovil.com.ar\/index.php\/wp-json\/wp\/v2\/posts"}],"about":[{"href":"https:\/\/portalmovil.com.ar\/index.php\/wp-json\/wp\/v2\/types\/post"}],"author":[{"embeddable":true,"href":"https:\/\/portalmovil.com.ar\/index.php\/wp-json\/wp\/v2\/users\/2"}],"replies":[{"embeddable":true,"href":"https:\/\/portalmovil.com.ar\/index.php\/wp-json\/wp\/v2\/comments?post=5032"}],"version-history":[{"count":1,"href":"https:\/\/portalmovil.com.ar\/index.php\/wp-json\/wp\/v2\/posts\/5032\/revisions"}],"predecessor-version":[{"id":5034,"href":"https:\/\/portalmovil.com.ar\/index.php\/wp-json\/wp\/v2\/posts\/5032\/revisions\/5034"}],"wp:featuredmedia":[{"embeddable":true,"href":"https:\/\/portalmovil.com.ar\/index.php\/wp-json\/wp\/v2\/media\/5033"}],"wp:attachment":[{"href":"https:\/\/portalmovil.com.ar\/index.php\/wp-json\/wp\/v2\/media?parent=5032"}],"wp:term":[{"taxonomy":"category","embeddable":true,"href":"https:\/\/portalmovil.com.ar\/index.php\/wp-json\/wp\/v2\/categories?post=5032"},{"taxonomy":"post_tag","embeddable":true,"href":"https:\/\/portalmovil.com.ar\/index.php\/wp-json\/wp\/v2\/tags?post=5032"}],"curies":[{"name":"wp","href":"https:\/\/api.w.org\/{rel}","templated":true}]}}