{"id":50297,"date":"2022-02-08T17:46:43","date_gmt":"2022-02-08T20:46:43","guid":{"rendered":"https:\/\/portalmovil.com.ar\/?p=50297"},"modified":"2022-02-08T17:46:46","modified_gmt":"2022-02-08T20:46:46","slug":"por-primera-vez-una-farmaceutica-al-frente-de-la-region-sanitaria-i","status":"publish","type":"post","link":"https:\/\/portalmovil.com.ar\/index.php\/2022\/02\/08\/por-primera-vez-una-farmaceutica-al-frente-de-la-region-sanitaria-i\/","title":{"rendered":"Por primera vez, una farmac\u00e9utica al frente de la Regi\u00f3n Sanitaria I"},"content":{"rendered":"\n<p>El Ministerio de Salud P\u00fablica puso en funciones esta ma\u00f1ana a la nueva Directora de Regi\u00f3n Sanitaria I. Se trata A partir de la farmac\u00e9utica Karina Ram\u00edrez, quien asumi\u00f3 el compromiso de seguir fortaleciendo el sistema sanitario en pos de una Salud P\u00fablica que garantice calidad en la atenci\u00f3n para todas y todos<\/p>\n\n\n\n<p>El acto se desarroll\u00f3 en las instalaciones del Hospital \u00abSalvador Mazza\u00bb de Villa \u00c1ngela. Por primera vez una profesional farmac\u00e9utica asume un cargo de direcci\u00f3n siendo este hecho un reconocimiento importante para la labor de todos los trabajadores del sistema de salud, se inform\u00f3 desde la cartera sanitaria. A su vez, agradecieron al saliente director, doctor Gustavo Herrera por su funci\u00f3n ejercida con responsabilidad. \u201cAuguramos muchos \u00e9xitos a la flamante Directora y su equipo de trabajo con quienes trabajaremos fuertemente para mejorar la Regi\u00f3n Sanitaria I y seguir, de esta manera, transformando el sistema de Salud\u201d, concluyeron.<\/p>\n","protected":false},"excerpt":{"rendered":"<p>El Ministerio de Salud P\u00fablica puso en funciones esta ma\u00f1ana a la nueva Directora de Regi\u00f3n Sanitaria I. Se trata A partir de la farmac\u00e9utica Karina Ram\u00edrez, quien asumi\u00f3 el compromiso de seguir fortaleciendo el sistema sanitario en pos de una Salud P\u00fablica que garantice calidad en la atenci\u00f3n para todas y todos El acto &hellip;<\/p>\n","protected":false},"author":2,"featured_media":50298,"comment_status":"open","ping_status":"open","sticky":false,"template":"","format":"standard","meta":{"_jetpack_memberships_contains_paid_content":false,"footnotes":"","jetpack_publicize_message":"","jetpack_publicize_feature_enabled":true,"jetpack_social_post_already_shared":true,"jetpack_social_options":{"image_generator_settings":{"template":"highway","default_image_id":0,"font":"","enabled":false},"version":2}},"categories":[5,46],"tags":[],"class_list":["post-50297","post","type-post","status-publish","format-standard","has-post-thumbnail","hentry","category-chaco","category-salud"],"jetpack_publicize_connections":[],"jetpack_featured_media_url":"https:\/\/portalmovil.com.ar\/wp-content\/uploads\/2022\/02\/6202cf1d1ce74498789529.jpg","jetpack_sharing_enabled":true,"amp_enabled":true,"_links":{"self":[{"href":"https:\/\/portalmovil.com.ar\/index.php\/wp-json\/wp\/v2\/posts\/50297","targetHints":{"allow":["GET"]}}],"collection":[{"href":"https:\/\/portalmovil.com.ar\/index.php\/wp-json\/wp\/v2\/posts"}],"about":[{"href":"https:\/\/portalmovil.com.ar\/index.php\/wp-json\/wp\/v2\/types\/post"}],"author":[{"embeddable":true,"href":"https:\/\/portalmovil.com.ar\/index.php\/wp-json\/wp\/v2\/users\/2"}],"replies":[{"embeddable":true,"href":"https:\/\/portalmovil.com.ar\/index.php\/wp-json\/wp\/v2\/comments?post=50297"}],"version-history":[{"count":1,"href":"https:\/\/portalmovil.com.ar\/index.php\/wp-json\/wp\/v2\/posts\/50297\/revisions"}],"predecessor-version":[{"id":50299,"href":"https:\/\/portalmovil.com.ar\/index.php\/wp-json\/wp\/v2\/posts\/50297\/revisions\/50299"}],"wp:featuredmedia":[{"embeddable":true,"href":"https:\/\/portalmovil.com.ar\/index.php\/wp-json\/wp\/v2\/media\/50298"}],"wp:attachment":[{"href":"https:\/\/portalmovil.com.ar\/index.php\/wp-json\/wp\/v2\/media?parent=50297"}],"wp:term":[{"taxonomy":"category","embeddable":true,"href":"https:\/\/portalmovil.com.ar\/index.php\/wp-json\/wp\/v2\/categories?post=50297"},{"taxonomy":"post_tag","embeddable":true,"href":"https:\/\/portalmovil.com.ar\/index.php\/wp-json\/wp\/v2\/tags?post=50297"}],"curies":[{"name":"wp","href":"https:\/\/api.w.org\/{rel}","templated":true}]}}