{"id":50137,"date":"2022-02-07T08:38:41","date_gmt":"2022-02-07T11:38:41","guid":{"rendered":"https:\/\/portalmovil.com.ar\/?p=50137"},"modified":"2022-02-07T09:52:07","modified_gmt":"2022-02-07T12:52:07","slug":"puerto-vilelas-el-municipio-trabaja-y-avanza-con-las-obras-en-la-plaza-capellini","status":"publish","type":"post","link":"https:\/\/portalmovil.com.ar\/index.php\/2022\/02\/07\/puerto-vilelas-el-municipio-trabaja-y-avanza-con-las-obras-en-la-plaza-capellini\/","title":{"rendered":"Puerto Vilelas: El Municipio trabaja y avanza con las obras en la plaza Capellini"},"content":{"rendered":"\n<p>Continuando con las obras para su comunidad, la Municipalidad de Puerto Vilelas conducida por el intendente V\u00edctor Rea, a trav\u00e9s de la Secretar\u00eda de Obras y Servicios P\u00fablicos, realiz\u00f3 trabajos de parquizaci\u00f3n en la plaza Capellini. La obra de lo que ser\u00e1 este espacio de recreaci\u00f3n al aire libre sin dudas representa un punto de bienestar que elevar\u00e1 la calidad de vida de los vecinos y vecinas, sum\u00e1ndose a su vez al crecimiento y desarrollo de esta localidad que viene teniendo hace varios a\u00f1os.<\/p>\n\n\n\n<figure class=\"wp-block-image is-resized\"><a href=\"https:\/\/i0.wp.com\/chacourbano.com.ar\/wp-content\/uploads\/2022\/02\/WhatsApp-Image-2022-02-05-at-19.45.12.jpeg?ssl=1\"><img loading=\"lazy\" decoding=\"async\" src=\"https:\/\/i0.wp.com\/chacourbano.com.ar\/wp-content\/uploads\/2022\/02\/WhatsApp-Image-2022-02-05-at-19.45.12.jpeg?resize=640%2C853&amp;ssl=1\" alt=\"\" class=\"wp-image-41961\" width=\"923\" height=\"1230\"\/><\/a><\/figure>\n\n\n\n<p>\u00abCada vez falta menos para terminar con esta obra, una de las obras que estamos realizando en Puerto Vilelas, siempre en pos de la comunidad que merece recibir pol\u00edticas p\u00fablicas que impacten directamente en la localidad\u00bb, expres\u00f3 el secretario de Obras y Seervicios P\u00fablicos Javier Gonz\u00e1lez.<\/p>\n\n\n\n<p>Asimismo, el funcionario municipal celebr\u00f3 \u201cel poder llevar adelante distintas obras a lo largo y ancho de la localidad, ya que es fundamental y prioridad brindar una mejor calidad de vida a nuestra comunidad\u201d.<\/p>\n\n\n\n<p>Continuando, \u201cdesde el municipio de Puerto Vilelas hacemos extensivo el agradecimiento al Gobierno provincial, al gobernador Jorge Capitanich y a todos los organismos provinciales por tener siempre en agenda a nuestras demandas que sin dudas siempre son en pos del bienestar de nuestro pueblo\u201d, finaliz\u00f3 Javier Gonz\u00e1lez.<\/p>\n\n\n\n<p><strong>PEDIDO A LA COMUNIDAD<\/strong><\/p>\n\n\n\n<p>Desde la Municipalidad de Puerto Vilelas se solicita a la comunidad que tome rol activo en el cuidado de los trabajos realizados en cada espacio p\u00fablico.<\/p>\n","protected":false},"excerpt":{"rendered":"<p>Continuando con las obras para su comunidad, la Municipalidad de Puerto Vilelas conducida por el intendente V\u00edctor Rea, a trav\u00e9s de la Secretar\u00eda de Obras y Servicios P\u00fablicos, realiz\u00f3 trabajos de parquizaci\u00f3n en la plaza Capellini. La obra de lo que ser\u00e1 este espacio de recreaci\u00f3n al aire libre sin dudas representa un punto de &hellip;<\/p>\n","protected":false},"author":2,"featured_media":50150,"comment_status":"open","ping_status":"open","sticky":false,"template":"","format":"standard","meta":{"_jetpack_memberships_contains_paid_content":false,"footnotes":"","jetpack_publicize_message":"","jetpack_publicize_feature_enabled":true,"jetpack_social_post_already_shared":true,"jetpack_social_options":{"image_generator_settings":{"template":"highway","default_image_id":0,"font":"","enabled":false},"version":2}},"categories":[28,5],"tags":[],"class_list":["post-50137","post","type-post","status-publish","format-standard","has-post-thumbnail","hentry","category-actualidad","category-chaco"],"jetpack_publicize_connections":[],"jetpack_featured_media_url":"https:\/\/portalmovil.com.ar\/wp-content\/uploads\/2022\/02\/2d50a2dc-4181-44d4-a8c8-d4373a0bd4f1.jpg","jetpack_sharing_enabled":true,"amp_enabled":true,"_links":{"self":[{"href":"https:\/\/portalmovil.com.ar\/index.php\/wp-json\/wp\/v2\/posts\/50137","targetHints":{"allow":["GET"]}}],"collection":[{"href":"https:\/\/portalmovil.com.ar\/index.php\/wp-json\/wp\/v2\/posts"}],"about":[{"href":"https:\/\/portalmovil.com.ar\/index.php\/wp-json\/wp\/v2\/types\/post"}],"author":[{"embeddable":true,"href":"https:\/\/portalmovil.com.ar\/index.php\/wp-json\/wp\/v2\/users\/2"}],"replies":[{"embeddable":true,"href":"https:\/\/portalmovil.com.ar\/index.php\/wp-json\/wp\/v2\/comments?post=50137"}],"version-history":[{"count":1,"href":"https:\/\/portalmovil.com.ar\/index.php\/wp-json\/wp\/v2\/posts\/50137\/revisions"}],"predecessor-version":[{"id":50139,"href":"https:\/\/portalmovil.com.ar\/index.php\/wp-json\/wp\/v2\/posts\/50137\/revisions\/50139"}],"wp:featuredmedia":[{"embeddable":true,"href":"https:\/\/portalmovil.com.ar\/index.php\/wp-json\/wp\/v2\/media\/50150"}],"wp:attachment":[{"href":"https:\/\/portalmovil.com.ar\/index.php\/wp-json\/wp\/v2\/media?parent=50137"}],"wp:term":[{"taxonomy":"category","embeddable":true,"href":"https:\/\/portalmovil.com.ar\/index.php\/wp-json\/wp\/v2\/categories?post=50137"},{"taxonomy":"post_tag","embeddable":true,"href":"https:\/\/portalmovil.com.ar\/index.php\/wp-json\/wp\/v2\/tags?post=50137"}],"curies":[{"name":"wp","href":"https:\/\/api.w.org\/{rel}","templated":true}]}}