{"id":50123,"date":"2022-02-07T00:54:56","date_gmt":"2022-02-07T03:54:56","guid":{"rendered":"https:\/\/portalmovil.com.ar\/?p=50123"},"modified":"2022-02-07T00:55:00","modified_gmt":"2022-02-07T03:55:00","slug":"vacunacion-contra-el-coronavirus-y-postas-de-testeo-para-este-lunes-7","status":"publish","type":"post","link":"https:\/\/portalmovil.com.ar\/index.php\/2022\/02\/07\/vacunacion-contra-el-coronavirus-y-postas-de-testeo-para-este-lunes-7\/","title":{"rendered":"Vacunaci\u00f3n contra el coronavirus y postas de testeo para este lunes 7"},"content":{"rendered":"\n<figure class=\"wp-block-image\"><img decoding=\"async\" src=\"http:\/\/agenciafoco.com.ar\/media\/cache\/quality\/uploads\/noticias\/62004633ed22f338579030.jpg\" alt=\"\"\/><\/figure>\n\n\n\n<p><img decoding=\"async\" alt=\"facebook sharing button\" src=\"https:\/\/platform-cdn.sharethis.com\/img\/facebook.svg\">&nbsp;Compartir<img decoding=\"async\" alt=\"twitter sharing button\" src=\"https:\/\/platform-cdn.sharethis.com\/img\/twitter.svg\">&nbsp;Twittear<img decoding=\"async\" alt=\"email sharing button\" src=\"https:\/\/platform-cdn.sharethis.com\/img\/email.svg\">&nbsp;Correo electr\u00f3nico<img decoding=\"async\" alt=\"whatsapp sharing button\" src=\"https:\/\/platform-cdn.sharethis.com\/img\/whatsapp.svg\">&nbsp;Compartir<\/p>\n\n\n\n<p>Con el objetivo de dar continuidad a las estrategias desplegadas para atenuar el impacto de la tercera ola de COVID-19 que se registra en el Chaco, el Ministerio de Salud P\u00fablica dispuso el funcionamiento de m\u00e1s de 10 vacunatorios fijos y postas m\u00f3viles en toda el \u00e1rea metropolitana para este lunes 7 de febrero. &nbsp;<\/p>\n\n\n\n<p><strong>*Primeras dosis y segundas dosis de Sputnik V, Sinopharm, AstaZeneca y Pfizer a partir de los 3 a\u00f1os de edad, con lineamiento establecido para cada vacuna seg\u00fan la edad.<\/strong><\/p>\n\n\n\n<p>Tambi\u00e9n hay disponibilidad de vacunas antigripales doble-viral y segunda dosis de varicela.<\/p>\n\n\n\n<p>-Resistencia: Centro de Convenciones Gala (24 horas), Club Central Norte (8 a 14.30), Escuela de Polic\u00eda (7 a 13), Escuela de Salud P\u00fablica (7 a 13), hospital \u201cJulio C Perrando\u201d (6.30 a 17) y hospital pedi\u00e1trico \u201cDoctor Avelino Castel\u00e1n\u201d (7.30 a 18).<\/p>\n\n\n\n<p>-Barranqueras: Centro Cultural \u201cLa Flota\u201d (8 a 14.30), Hospital \u201cEva Per\u00f3n\u201d (7 a 20)<\/p>\n\n\n\n<p>-Fontana: Hospital \u201cLuis Fleitas\u201d (7.30 a 20)<\/p>\n\n\n\n<p>-Puerto Vilelas: Centro de Salud \u201cFinochietto\u201d (7 a 19)<\/p>\n\n\n\n<p><strong>En todos los centros vacunatorios p\u00fablicos y privados.<\/strong><\/p>\n\n\n\n<figure class=\"wp-block-image\"><img decoding=\"async\" src=\"http:\/\/agenciafoco.com.ar\/media\/cache\/quality\/uploads\/noticias\/62004633edc5f640540180.jpg\" alt=\"\"\/><\/figure>\n\n\n\n<p><strong>*Dosis adicional para pacientes inmunosuprimidos (con esquema primario de 2 dosis completo, que haya cumplido un mes de aplicaci\u00f3n de la \u00faltima dosis) y dosis adicional para personas de 50 a\u00f1os o m\u00e1s con esquema de dos dosis de Sinopharm.<\/strong><\/p>\n\n\n\n<p>-Resistencia: Centro de Convenciones Gala (24 horas), Club Central Norte (8 a 14.30), Escuela de Polic\u00eda (7 a 13), Escuela de Salud P\u00fablica (7 a 13), hospital \u201cJulio C Perrando\u201d (6.30 a 17) y hospital pedi\u00e1trico \u201cDoctor Avelino Castel\u00e1n\u201d (7.30 a 18).<\/p>\n\n\n\n<p>-Barranqueras: Centro Cultural \u201cLa Flota\u201d (8 a 14.30), Hospital \u201cEva Per\u00f3n\u201d (7 a 20)<\/p>\n\n\n\n<p>-Fontana: Hospital \u201cLuis Fleitas\u201d (7.30 a 20)<\/p>\n\n\n\n<p>-Puerto Vilelas: Centro de Salud \u201cFinochietto\u201d (7 a 19)<\/p>\n\n\n\n<p><strong>En todos los centros vacunatorios p\u00fablicos y privados.<\/strong><\/p>\n\n\n\n<figure class=\"wp-block-image\"><img decoding=\"async\" src=\"http:\/\/agenciafoco.com.ar\/media\/cache\/quality\/uploads\/noticias\/62004633ee21a939266598.jpg\" alt=\"\"\/><\/figure>\n\n\n\n<p><strong>*Dosis de refuerzo para personas de 18 a\u00f1os o m\u00e1s y adolescentes que hayan cumplido 4 meses del esquema primario.<\/strong><\/p>\n\n\n\n<p>-Resistencia: Centro de Convenciones Gala (24 horas), Club Central Norte (8 a 14.30), Escuela de Polic\u00eda (7 a 13), Escuela de Salud P\u00fablica (7 a 13), hospital \u201cJulio C Perrando\u201d (6.30 a 17) y hospital pedi\u00e1trico \u201cDoctor Avelino Castel\u00e1n\u201d (7.30 a 18).<\/p>\n\n\n\n<p>-Barranqueras: Centro Cultural \u201cLa Flota\u201d (8 a 14.30), Hospital \u201cEva Per\u00f3n\u201d (7 a 20)<\/p>\n\n\n\n<p>-Fontana: Hospital \u201cLuis Fleitas\u201d (7.30 a 20)<\/p>\n\n\n\n<p>-Puerto Vilelas: Centro de Salud \u201cFinochietto\u201d (7 a 19)<\/p>\n\n\n\n<p><strong>En todos los centros vacunatorios p\u00fablicos y privados.<\/strong><\/p>\n\n\n\n<figure class=\"wp-block-image\"><img decoding=\"async\" src=\"http:\/\/agenciafoco.com.ar\/media\/cache\/quality\/uploads\/noticias\/62004633ee791523036604.jpg\" alt=\"\"\/><\/figure>\n\n\n\n<figure class=\"wp-block-image\"><img decoding=\"async\" src=\"http:\/\/agenciafoco.com.ar\/media\/cache\/quality\/uploads\/noticias\/62004633eecc3909669698.jpg\" alt=\"\"\/><\/figure>\n\n\n\n<figure class=\"wp-block-image\"><img decoding=\"async\" src=\"http:\/\/agenciafoco.com.ar\/media\/cache\/quality\/uploads\/noticias\/62004633ef254229558889.jpg\" alt=\"\"\/><\/figure>\n","protected":false},"excerpt":{"rendered":"<p>&nbsp;Compartir&nbsp;Twittear&nbsp;Correo electr\u00f3nico&nbsp;Compartir Con el objetivo de dar continuidad a las estrategias desplegadas para atenuar el impacto de la tercera ola de COVID-19 que se registra en el Chaco, el Ministerio de Salud P\u00fablica dispuso el funcionamiento de m\u00e1s de 10 vacunatorios fijos y postas m\u00f3viles en toda el \u00e1rea metropolitana para este lunes 7 de &hellip;<\/p>\n","protected":false},"author":2,"featured_media":46078,"comment_status":"open","ping_status":"open","sticky":false,"template":"","format":"standard","meta":{"_jetpack_memberships_contains_paid_content":false,"footnotes":"","jetpack_publicize_message":"","jetpack_publicize_feature_enabled":true,"jetpack_social_post_already_shared":true,"jetpack_social_options":{"image_generator_settings":{"template":"highway","default_image_id":0,"font":"","enabled":false},"version":2}},"categories":[5,46],"tags":[],"class_list":["post-50123","post","type-post","status-publish","format-standard","has-post-thumbnail","hentry","category-chaco","category-salud"],"jetpack_publicize_connections":[],"jetpack_featured_media_url":"https:\/\/portalmovil.com.ar\/wp-content\/uploads\/2021\/12\/Vacunacion-MayoresAdultosRcia-696x499-1.jpg","jetpack_sharing_enabled":true,"amp_enabled":true,"_links":{"self":[{"href":"https:\/\/portalmovil.com.ar\/index.php\/wp-json\/wp\/v2\/posts\/50123","targetHints":{"allow":["GET"]}}],"collection":[{"href":"https:\/\/portalmovil.com.ar\/index.php\/wp-json\/wp\/v2\/posts"}],"about":[{"href":"https:\/\/portalmovil.com.ar\/index.php\/wp-json\/wp\/v2\/types\/post"}],"author":[{"embeddable":true,"href":"https:\/\/portalmovil.com.ar\/index.php\/wp-json\/wp\/v2\/users\/2"}],"replies":[{"embeddable":true,"href":"https:\/\/portalmovil.com.ar\/index.php\/wp-json\/wp\/v2\/comments?post=50123"}],"version-history":[{"count":1,"href":"https:\/\/portalmovil.com.ar\/index.php\/wp-json\/wp\/v2\/posts\/50123\/revisions"}],"predecessor-version":[{"id":50124,"href":"https:\/\/portalmovil.com.ar\/index.php\/wp-json\/wp\/v2\/posts\/50123\/revisions\/50124"}],"wp:featuredmedia":[{"embeddable":true,"href":"https:\/\/portalmovil.com.ar\/index.php\/wp-json\/wp\/v2\/media\/46078"}],"wp:attachment":[{"href":"https:\/\/portalmovil.com.ar\/index.php\/wp-json\/wp\/v2\/media?parent=50123"}],"wp:term":[{"taxonomy":"category","embeddable":true,"href":"https:\/\/portalmovil.com.ar\/index.php\/wp-json\/wp\/v2\/categories?post=50123"},{"taxonomy":"post_tag","embeddable":true,"href":"https:\/\/portalmovil.com.ar\/index.php\/wp-json\/wp\/v2\/tags?post=50123"}],"curies":[{"name":"wp","href":"https:\/\/api.w.org\/{rel}","templated":true}]}}