{"id":5005,"date":"2020-04-11T16:45:41","date_gmt":"2020-04-11T19:45:41","guid":{"rendered":"http:\/\/portalmovil.com.ar\/?p=5005"},"modified":"2020-04-11T16:45:45","modified_gmt":"2020-04-11T19:45:45","slug":"gobierno-trabaja-en-el-decreto-de-extension-del-aislamiento-que-se-publicara-manana","status":"publish","type":"post","link":"https:\/\/portalmovil.com.ar\/index.php\/2020\/04\/11\/gobierno-trabaja-en-el-decreto-de-extension-del-aislamiento-que-se-publicara-manana\/","title":{"rendered":"Gobierno trabaja en el decreto de extensi\u00f3n del aislamiento que se publicar\u00e1 ma\u00f1ana"},"content":{"rendered":"\n<p>Tras el anuncio oficial del presidente de la Naci\u00f3n Alberto Fern\u00e1ndez de la extensi\u00f3n del aislamiento social, preventivo y obligatorio en el pa\u00eds, el gobernador Jorge Capitanich adelant\u00f3, este s\u00e1bado, que la Provincia trabaja, en conjunto con el Ministerio del Interior de la Naci\u00f3n y los gobernadores, en el detalle del Decreto Provincial para su instrumentaci\u00f3n en territorio chaque\u00f1o. El instrumento legal se cerrar\u00eda este s\u00e1bado en tanto que se prev\u00e9 que ya estar\u00eda publicado ma\u00f1ana domingo 12 de abril de 2020.<\/p>\n\n\n\n<p>Durante esta segunda etapa de la medida sanitaria de aislamiento f\u00edsico, el gobierno busca regular el funcionamiento de algunos rubros de la econom\u00eda, la producci\u00f3n y la industria a fin de evitar, en la medida de lo posible, la acumulaci\u00f3n de p\u00e9rdidas que genera la inactividad. \u201cSe est\u00e1 trabajando con el Ministerio del Interior de la Naci\u00f3n, en aspectos de la regulaci\u00f3n y el funcionamiento del aislamiento en algunos rubros\u201d, adelant\u00f3 el mandatario.<\/p>\n\n\n\n<p>El objetivo central en etapa ser\u00e1 extremar todas las medidas de protecci\u00f3n a adultos mayores y personas que conforman los grupos de riesgo. \u201cTodos los gobernadores nos comprometimos a trabajar, junto al presidente de la Naci\u00f3n, en una agenda de protecci\u00f3n principalmente a las y los adultos mayores, ya que es la poblaci\u00f3n que se proyecta como grupo de riesgo\u201d, asegur\u00f3 el gobernador.<\/p>\n\n\n\n<p>En ese sentido indic\u00f3 que en la provincia se trata de articular y reforzar todas las acciones y pol\u00edticas p\u00fablicas para proteger a los m\u00e1s de 140 mil adultos y adultas mayores a 60 a\u00f1os. \u201cEs la poblaci\u00f3n con factores de riesgo, por lo que es fundamental el trabajo del Estado para su protecci\u00f3n, entre el conjunto de pol\u00edticas p\u00fablicas destinadas a ello se encuentran las 26 residencias de adultos mayores que atienden en toda la provincia a 650 personas contenidas por el Estado provincial, los m\u00e1s de 80 efectores sociales directos que asisten diariamente a m\u00e1s de 30 mil personas, a trav\u00e9s de distintas estrategias de intervenci\u00f3n como las personas en situaci\u00f3n de calle y centros de fortalecimiento familiar\u201d, expres\u00f3.<\/p>\n","protected":false},"excerpt":{"rendered":"<p>Tras el anuncio oficial del presidente de la Naci\u00f3n Alberto Fern\u00e1ndez de la extensi\u00f3n del aislamiento social, preventivo y obligatorio en el pa\u00eds, el gobernador Jorge Capitanich adelant\u00f3, este s\u00e1bado, que la Provincia trabaja, en conjunto con el Ministerio del Interior de la Naci\u00f3n y los gobernadores, en el detalle del Decreto Provincial para su &hellip;<\/p>\n","protected":false},"author":2,"featured_media":5006,"comment_status":"open","ping_status":"open","sticky":false,"template":"","format":"standard","meta":{"_jetpack_memberships_contains_paid_content":false,"footnotes":"","jetpack_publicize_message":"","jetpack_publicize_feature_enabled":true,"jetpack_social_post_already_shared":true,"jetpack_social_options":{"image_generator_settings":{"template":"highway","default_image_id":0,"font":"","enabled":false},"version":2}},"categories":[14],"tags":[],"class_list":["post-5005","post","type-post","status-publish","format-standard","has-post-thumbnail","hentry","category-politica"],"jetpack_publicize_connections":[],"jetpack_featured_media_url":"https:\/\/portalmovil.com.ar\/wp-content\/uploads\/2020\/04\/db0ddde9-934d-482a-a322-49d8857b2502.jpg","jetpack_sharing_enabled":true,"amp_enabled":true,"_links":{"self":[{"href":"https:\/\/portalmovil.com.ar\/index.php\/wp-json\/wp\/v2\/posts\/5005","targetHints":{"allow":["GET"]}}],"collection":[{"href":"https:\/\/portalmovil.com.ar\/index.php\/wp-json\/wp\/v2\/posts"}],"about":[{"href":"https:\/\/portalmovil.com.ar\/index.php\/wp-json\/wp\/v2\/types\/post"}],"author":[{"embeddable":true,"href":"https:\/\/portalmovil.com.ar\/index.php\/wp-json\/wp\/v2\/users\/2"}],"replies":[{"embeddable":true,"href":"https:\/\/portalmovil.com.ar\/index.php\/wp-json\/wp\/v2\/comments?post=5005"}],"version-history":[{"count":1,"href":"https:\/\/portalmovil.com.ar\/index.php\/wp-json\/wp\/v2\/posts\/5005\/revisions"}],"predecessor-version":[{"id":5007,"href":"https:\/\/portalmovil.com.ar\/index.php\/wp-json\/wp\/v2\/posts\/5005\/revisions\/5007"}],"wp:featuredmedia":[{"embeddable":true,"href":"https:\/\/portalmovil.com.ar\/index.php\/wp-json\/wp\/v2\/media\/5006"}],"wp:attachment":[{"href":"https:\/\/portalmovil.com.ar\/index.php\/wp-json\/wp\/v2\/media?parent=5005"}],"wp:term":[{"taxonomy":"category","embeddable":true,"href":"https:\/\/portalmovil.com.ar\/index.php\/wp-json\/wp\/v2\/categories?post=5005"},{"taxonomy":"post_tag","embeddable":true,"href":"https:\/\/portalmovil.com.ar\/index.php\/wp-json\/wp\/v2\/tags?post=5005"}],"curies":[{"name":"wp","href":"https:\/\/api.w.org\/{rel}","templated":true}]}}