{"id":49948,"date":"2022-02-03T15:24:58","date_gmt":"2022-02-03T18:24:58","guid":{"rendered":"https:\/\/portalmovil.com.ar\/?p=49948"},"modified":"2022-02-03T15:25:01","modified_gmt":"2022-02-03T18:25:01","slug":"entregaron-la-alfalfa-que-sobro-del-karting-a-caballos-en-custodia-judicial","status":"publish","type":"post","link":"https:\/\/portalmovil.com.ar\/index.php\/2022\/02\/03\/entregaron-la-alfalfa-que-sobro-del-karting-a-caballos-en-custodia-judicial\/","title":{"rendered":"Entregaron la alfalfa que sobr\u00f3 del karting  a caballos en custodia judicial"},"content":{"rendered":"\n<p>El intendente de Resistencia, Gustavo Mart\u00ednez entreg\u00f3 unos 2500 fardos que fueron utilizados para cumplir con el protocolo de seguridad del circuito callejero de karting que se realiz\u00f3 con motivo del aniversario de Resistencia. Fueron entregados a la Fundaci\u00f3n Libera, que tiene un predio en el Parque Caraguat\u00e1, en el que cuidan a equinos rescatados de la v\u00eda p\u00fablica.&nbsp;<\/p>\n\n\n\n<p>El intendente asegur\u00f3 que para el Municipio \u201ces un gusto poder colaborar con las asociaciones protectoras, con una distribuci\u00f3n transparente a trav\u00e9s del Juzgado de Faltas Provincial y agradecemos a los trabajadores municipales que se hacen cargo del traslado de la alfalfa y a la Polic\u00eda Rural que hacen llegar el alimento a los animales\u201d.<\/p>\n\n\n\n<p>\u201cEstamos trabajando para que se pueda aprobar este a\u00f1o el C\u00f3digo de Tr\u00e1nsito y Transporte que proh\u00edbe la tracci\u00f3n a sangre en la Ciudad de Resistencia\u201d explic\u00f3 y a\u00f1adi\u00f3 que en este tema como en otros es importante avanzar para lograr el ordenamiento de la ciudad.<\/p>\n\n\n\n<p>\u201cSon cuestiones de fondo en los que es fundamental trabajar, como por ejemplo en el control de la poblaci\u00f3n animal, para lo cual iniciamos el programa de castraci\u00f3n, que al momento realiza 100 castraciones diarias y tenemos planificado completar las 20 mil castraciones en el a\u00f1o\u201d, se\u00f1al\u00f3.&nbsp;<\/p>\n\n\n\n<p>Pablo Alegre, subsecretario de Ambiente del Municipio, manifest\u00f3 que \u201ces una alegr\u00eda poder colaborar con distintas fundaciones y organizaciones que est\u00e1n trabajando en la tem\u00e1tica junto a nosotros, entendiendo que es necesario resolver la problem\u00e1tica de fondo que es lograr la prohibici\u00f3n de la tracci\u00f3n a sangre, a trav\u00e9s de la ordenanza que se est\u00e1 trabajando en el Concejo, con diferentes programas de sustituci\u00f3n que est\u00e1n previstos\u201d.<\/p>\n\n\n\n<p>Sin embargo, se\u00f1al\u00f3 que hasta que logre una regulaci\u00f3n de prohibici\u00f3n es necesario colaborar concientizando y visibilizando esta problem\u00e1tica. Hasta el momento hay unos 240 animales judicializados, y aclar\u00f3 que desde el Municipio colaboran constantemente con las denuncias que reciben que puede ser abandono de animales en la v\u00eda p\u00fablica como maltrato, con la colaboraci\u00f3n de la Justicia de Faltas y la Fundaci\u00f3n Libera, que vienen trabajando hace mucho tiempo\u201d.&nbsp;<\/p>\n\n\n\n<p>Marcela Cort\u00e9s, jueza de Falta Provincial, estuvo presente en la entrega y sobre el procedimiento que se lleva a cabo indic\u00f3 que \u201cse ocupan de casos de maltrato animal o de caballos que se encuentran sueltos en la v\u00eda p\u00fablica, en los que primero interviene la Polic\u00eda del Chaco, que recibe las denuncias a trav\u00e9s del 911, se comunica con la Polic\u00eda Rural que es la capacitada para secuestrar el equino, se lo traslada, se lo examina y luego se libran oficios al registro de marca para determinar qui\u00e9n es el titular del caballo, se lo cita a indagatoria y en la mayor\u00eda de los casos se los entrega a la Fundaci\u00f3n Libera, para su custodia. Cuando hay sentencia sobre el caso se procede al decomiso o a la devoluci\u00f3n del equino\u201d.<\/p>\n\n\n\n<p>Adem\u00e1s, la Jueza se\u00f1al\u00f3 que la mayor\u00eda de los animales que se secuestran est\u00e1n desnutridos, enfermos y lastimados. \u201cEstamos en 2022 y me parece que ya no tendr\u00eda que existir la tracci\u00f3n a sangre\u201d, asegur\u00f3.&nbsp;<\/p>\n\n\n\n<p>Romina Cura, de la Fundaci\u00f3n Libera, expres\u00f3: \u201cEstamos muy agradecidas por este aporte del Municipio y la APIKART, que nos sirve para seguir trabajando en la alimentaci\u00f3n y rescatando caballos maltratados\u201d. Especific\u00f3 que en este momento la Fundaci\u00f3n tiene a cargo 40 caballos, que se encuentran alojados en dos predios.<\/p>\n\n\n\n<p>Sobre c\u00f3mo contin\u00faa la vida de esos animales, la referente explic\u00f3: \u201cCada vez que rescatamos un caballo sentimos que le devolvemos la libertad que le quitaron, durante todo el tiempo que fueron maltratados\u201d.<\/p>\n","protected":false},"excerpt":{"rendered":"<p>El intendente de Resistencia, Gustavo Mart\u00ednez entreg\u00f3 unos 2500 fardos que fueron utilizados para cumplir con el protocolo de seguridad del circuito callejero de karting que se realiz\u00f3 con motivo del aniversario de Resistencia. Fueron entregados a la Fundaci\u00f3n Libera, que tiene un predio en el Parque Caraguat\u00e1, en el que cuidan a equinos rescatados &hellip;<\/p>\n","protected":false},"author":2,"featured_media":49949,"comment_status":"open","ping_status":"open","sticky":false,"template":"","format":"standard","meta":{"_jetpack_memberships_contains_paid_content":false,"footnotes":"","jetpack_publicize_message":"","jetpack_publicize_feature_enabled":true,"jetpack_social_post_already_shared":true,"jetpack_social_options":{"image_generator_settings":{"template":"highway","default_image_id":0,"font":"","enabled":false},"version":2}},"categories":[28],"tags":[],"class_list":["post-49948","post","type-post","status-publish","format-standard","has-post-thumbnail","hentry","category-actualidad"],"jetpack_publicize_connections":[],"jetpack_featured_media_url":"https:\/\/portalmovil.com.ar\/wp-content\/uploads\/2022\/02\/0a46ec53-7a7f-474d-9410-073d95faa130.jpg","jetpack_sharing_enabled":true,"amp_enabled":true,"_links":{"self":[{"href":"https:\/\/portalmovil.com.ar\/index.php\/wp-json\/wp\/v2\/posts\/49948","targetHints":{"allow":["GET"]}}],"collection":[{"href":"https:\/\/portalmovil.com.ar\/index.php\/wp-json\/wp\/v2\/posts"}],"about":[{"href":"https:\/\/portalmovil.com.ar\/index.php\/wp-json\/wp\/v2\/types\/post"}],"author":[{"embeddable":true,"href":"https:\/\/portalmovil.com.ar\/index.php\/wp-json\/wp\/v2\/users\/2"}],"replies":[{"embeddable":true,"href":"https:\/\/portalmovil.com.ar\/index.php\/wp-json\/wp\/v2\/comments?post=49948"}],"version-history":[{"count":1,"href":"https:\/\/portalmovil.com.ar\/index.php\/wp-json\/wp\/v2\/posts\/49948\/revisions"}],"predecessor-version":[{"id":49950,"href":"https:\/\/portalmovil.com.ar\/index.php\/wp-json\/wp\/v2\/posts\/49948\/revisions\/49950"}],"wp:featuredmedia":[{"embeddable":true,"href":"https:\/\/portalmovil.com.ar\/index.php\/wp-json\/wp\/v2\/media\/49949"}],"wp:attachment":[{"href":"https:\/\/portalmovil.com.ar\/index.php\/wp-json\/wp\/v2\/media?parent=49948"}],"wp:term":[{"taxonomy":"category","embeddable":true,"href":"https:\/\/portalmovil.com.ar\/index.php\/wp-json\/wp\/v2\/categories?post=49948"},{"taxonomy":"post_tag","embeddable":true,"href":"https:\/\/portalmovil.com.ar\/index.php\/wp-json\/wp\/v2\/tags?post=49948"}],"curies":[{"name":"wp","href":"https:\/\/api.w.org\/{rel}","templated":true}]}}