{"id":49743,"date":"2022-02-01T15:36:08","date_gmt":"2022-02-01T18:36:08","guid":{"rendered":"https:\/\/portalmovil.com.ar\/?p=49743"},"modified":"2022-02-01T15:36:09","modified_gmt":"2022-02-01T18:36:09","slug":"se-habilito-una-delegacion-de-anses-en-fuerte-esperanza","status":"publish","type":"post","link":"https:\/\/portalmovil.com.ar\/index.php\/2022\/02\/01\/se-habilito-una-delegacion-de-anses-en-fuerte-esperanza\/","title":{"rendered":"Se habilit\u00f3 una delegaci\u00f3n de Anses en Fuerte Esperanza"},"content":{"rendered":"\n<p>En Fuerte Esperanza, el gobernador Jorge Capitanich y la vicegobernadora Anal\u00eda Rach Quiroga, junto a la intendenta a cargo, Estela Enrique, y la coordinadora de gabinete, In\u00e9s Ortega, recibieron este martes a la directora Ejecutiva de ANSES, Fernanda Raverta, con quien pusieron en funcionamiento la nueva delegaci\u00f3n del organismo en Fuerte Esperanza. De esta manera, tambi\u00e9n los pobladores de Taco Pozo, de El Sauzalito, de Nueva Pompeya y de parajes aleda\u00f1os podr\u00e1n realizar sus tr\u00e1mites evitando el traslado a Castelli.<\/p>\n\n\n\n<p>\u201cEsta apertura constituye un gran logro para la descentralizaci\u00f3n de las pol\u00edticas p\u00fablicas en el territorio, tan importantes para la comunidad\u201d, asegur\u00f3 el gobernador, y destac\u00f3 las nuevas instalaciones de la oficina, la tecnolog\u00eda con la que contar\u00e1 y el entrenamiento que recibi\u00f3 el personal para atender una demanda de 200 personas por d\u00eda.<\/p>\n\n\n\n<p>\u201cLa provincia cuenta con 530 mil titulares beneficiarios del sistema, y recibe una transferencia de ingresos de 120 mil millones de pesos por a\u00f1o para cubrir todos los programas, asignaciones, subsidios, pensiones y jubilaciones\u201d, precis\u00f3 el mandatario, y sostuvo: \u201cesos fondos que se vuelcan al Chaco por a\u00f1o a trav\u00e9s del sistema de seguridad social y las pol\u00edticas activas de inclusi\u00f3n constituyen un vector muy importante para el crecimiento econ\u00f3mico y la potenciaci\u00f3n del consumo\u201d.<\/p>\n\n\n\n<p>\u201cEs una enorme alegr\u00eda que ANSES abra sus puertas en este lugar; uno de los desaf\u00edos que nos propusimos fue hacer m\u00e1s accesible el organismo y los servicios en todo el pa\u00eds\u201d, expres\u00f3 por su parte Fernanda Raverta y resalt\u00f3 el trabajo que viene haciendo el delegado regional, Agust\u00edn Aleman, \u201cquien lleva las demandas, ideas y propuestas de las comunidades a la administraci\u00f3n central en Buenos Aires\u201d, dijo. \u201cTrabajamos juntos y lo que haya que hacer lo haremos porque tenemos vocaci\u00f3n de servicio y de gesti\u00f3n para resolver los problemas\u201d, manifest\u00f3<\/p>\n\n\n\n<p>*El Estado m\u00e1s cerca*<\/p>\n\n\n\n<p>La vicegobernadora Anal\u00eda Rach Quiroga, valor\u00f3 la inauguraci\u00f3n de esta oficina de ANSES y asegur\u00f3 que es un \u201corgullo\u201d para la gesti\u00f3n de gobierno. \u201cEs un orgullo poner en funcionamiento lo que fue un deseo y un anhelo por muchos a\u00f1os\u201d, dijo. As\u00ed, reiter\u00f3 que la zona de El Impenetrable es una prioridad para el Gobierno provincial en tanto representa un sector vulnerable y postergado durante muchos a\u00f1os. \u201cDesde que asumimos tuvimos en claro que la regi\u00f3n 1 de la provincia deb\u00eda ser nuestro Impenetrable, donde todo siempre est\u00e1 mas lejos\u201d, expres\u00f3.<\/p>\n\n\n\n<p>El director regional de ANSES Agust\u00edn Aleman, asegur\u00f3 que la nueva oficina constituye un \u201chito\u201d para las comunidades de esa zona de la provincia. \u201cEs un paso muy importante el que dimos con la instalaci\u00f3n de este punto neur\u00e1lgico en donde se atender\u00e1n todos los tr\u00e1mites que las personas puedan requerir\u201d, expres\u00f3.<\/p>\n\n\n\n<p>El funcionario record\u00f3 que en el 2021 se realizaron m\u00e1s de 100 operativos en el Impenetrable y se traslad\u00f3 personal una vez al mes a ese lugar para atender las demandas de esos pueblos, ante la falta de una oficina instalada. \u201cEra una necesidad que se pudo concretar gracias a la gesti\u00f3n y la decisi\u00f3n pol\u00edtica del gobernador Capitanich y de la direcci\u00f3n ejecutiva de ANSES\u201d, remarc\u00f3.<\/p>\n\n\n\n<p>En la nueva oficina se podr\u00e1n realizar tr\u00e1mites de cada servicio y prestaci\u00f3n que otorga ANSES, como ser actualizaci\u00f3n de datos y relaciones familiares, pago de asignaciones y programas, y todos los tr\u00e1mites para jubilaciones y pensiones. Funcionar\u00e1 en el Sum del Centro Integrador Comunitario municipal cedido en comodato a la Anses. El organismo de seguridad social aport\u00f3 mobiliario, equipamiento inform\u00e1tico, sistema e infraestructura necesarios para la atenci\u00f3n.<\/p>\n","protected":false},"excerpt":{"rendered":"<p>En Fuerte Esperanza, el gobernador Jorge Capitanich y la vicegobernadora Anal\u00eda Rach Quiroga, junto a la intendenta a cargo, Estela Enrique, y la coordinadora de gabinete, In\u00e9s Ortega, recibieron este martes a la directora Ejecutiva de ANSES, Fernanda Raverta, con quien pusieron en funcionamiento la nueva delegaci\u00f3n del organismo en Fuerte Esperanza. De esta manera, &hellip;<\/p>\n","protected":false},"author":2,"featured_media":49744,"comment_status":"open","ping_status":"open","sticky":false,"template":"","format":"standard","meta":{"_jetpack_memberships_contains_paid_content":false,"footnotes":"","jetpack_publicize_message":"","jetpack_publicize_feature_enabled":true,"jetpack_social_post_already_shared":true,"jetpack_social_options":{"image_generator_settings":{"template":"highway","default_image_id":0,"font":"","enabled":false},"version":2}},"categories":[5,42,12],"tags":[],"class_list":["post-49743","post","type-post","status-publish","format-standard","has-post-thumbnail","hentry","category-chaco","category-interior","category-ultimo"],"jetpack_publicize_connections":[],"jetpack_featured_media_url":"https:\/\/portalmovil.com.ar\/wp-content\/uploads\/2022\/02\/ada33819389be511e576a5791c8df662.jpg","jetpack_sharing_enabled":true,"amp_enabled":true,"_links":{"self":[{"href":"https:\/\/portalmovil.com.ar\/index.php\/wp-json\/wp\/v2\/posts\/49743","targetHints":{"allow":["GET"]}}],"collection":[{"href":"https:\/\/portalmovil.com.ar\/index.php\/wp-json\/wp\/v2\/posts"}],"about":[{"href":"https:\/\/portalmovil.com.ar\/index.php\/wp-json\/wp\/v2\/types\/post"}],"author":[{"embeddable":true,"href":"https:\/\/portalmovil.com.ar\/index.php\/wp-json\/wp\/v2\/users\/2"}],"replies":[{"embeddable":true,"href":"https:\/\/portalmovil.com.ar\/index.php\/wp-json\/wp\/v2\/comments?post=49743"}],"version-history":[{"count":1,"href":"https:\/\/portalmovil.com.ar\/index.php\/wp-json\/wp\/v2\/posts\/49743\/revisions"}],"predecessor-version":[{"id":49745,"href":"https:\/\/portalmovil.com.ar\/index.php\/wp-json\/wp\/v2\/posts\/49743\/revisions\/49745"}],"wp:featuredmedia":[{"embeddable":true,"href":"https:\/\/portalmovil.com.ar\/index.php\/wp-json\/wp\/v2\/media\/49744"}],"wp:attachment":[{"href":"https:\/\/portalmovil.com.ar\/index.php\/wp-json\/wp\/v2\/media?parent=49743"}],"wp:term":[{"taxonomy":"category","embeddable":true,"href":"https:\/\/portalmovil.com.ar\/index.php\/wp-json\/wp\/v2\/categories?post=49743"},{"taxonomy":"post_tag","embeddable":true,"href":"https:\/\/portalmovil.com.ar\/index.php\/wp-json\/wp\/v2\/tags?post=49743"}],"curies":[{"name":"wp","href":"https:\/\/api.w.org\/{rel}","templated":true}]}}