{"id":49594,"date":"2022-01-29T19:20:13","date_gmt":"2022-01-29T22:20:13","guid":{"rendered":"https:\/\/portalmovil.com.ar\/?p=49594"},"modified":"2022-01-29T19:20:14","modified_gmt":"2022-01-29T22:20:14","slug":"patricia-bullrich-el-gobierno-se-hara-cargo-de-su-acuerdo-con-el-fmi-como-hicimos-nosotros-con-el-nuestro","status":"publish","type":"post","link":"https:\/\/portalmovil.com.ar\/index.php\/2022\/01\/29\/patricia-bullrich-el-gobierno-se-hara-cargo-de-su-acuerdo-con-el-fmi-como-hicimos-nosotros-con-el-nuestro\/","title":{"rendered":"Patricia Bullrich: \u00abEl Gobierno se har\u00e1 cargo de su acuerdo con el FMI como hicimos nosotros con el nuestro\u00bb"},"content":{"rendered":"\n<p>La presidenta del PRO, Patricia Bullrich, asegur\u00f3 tras el acuerdo con el FMI del Gobierno que la postura de Juntos por el Cambio fue \u00abesperar la letra chica\u00bb y agreg\u00f3: \u00abAs\u00ed como nosotros nos hicimos cargo de nuestro acuerdo el Gobierno se har\u00e1 cargo de su acuerdo con el Fondo, que adem\u00e1s es de la misma cantidad de dinero\u00bb.<\/p>\n\n\n\n<p>La titular del PRO hizo referencia al convenio firmado en 2018 por la gesti\u00f3n del ex presidente Mauricio Macri por 57 mil millones de d\u00f3lares de los que se deb\u00edan pagar 20 mil millones este a\u00f1o. El presidente Alberto Fern\u00e1ndez hab\u00eda frenado los desembolsos del FMI e hizo que el cr\u00e9dito luego declarado insostenible que pidi\u00f3 Mauricio Macri cese en 44 mil millones de d\u00f3lares.<\/p>\n\n\n\n<p>\u00ab<strong>Lo que sabemos es poco todav\u00eda. Un discurso oficial y un discurso del Fondo Monetario que parece que van por dos caminos que no se cruzan. En alg\u00fan momento se tendr\u00e1n que cruzar y ah\u00ed es donde sabremos qu\u00e9 es lo que el gobierno propone<\/strong>\u00ab, se\u00f1al\u00f3 Bullrich en declaraciones televisivas.<\/p>\n\n\n\n<p>En este sentido, la titular del PRO cuestion\u00f3 que el Gobierno diga \u00ab<strong>que todo se hace igual pero se hizo un acuerdo que reduce el d\u00e9ficit y los subsidios. Esperemos que esto sea verdad, aunque no parece un camino demasiado cre\u00edble en este momento<\/strong>\u00ab.<\/p>\n","protected":false},"excerpt":{"rendered":"<p>La presidenta del PRO, Patricia Bullrich, asegur\u00f3 tras el acuerdo con el FMI del Gobierno que la postura de Juntos por el Cambio fue \u00abesperar la letra chica\u00bb y agreg\u00f3: \u00abAs\u00ed como nosotros nos hicimos cargo de nuestro acuerdo el Gobierno se har\u00e1 cargo de su acuerdo con el Fondo, que adem\u00e1s es de la &hellip;<\/p>\n","protected":false},"author":2,"featured_media":49595,"comment_status":"open","ping_status":"open","sticky":false,"template":"","format":"standard","meta":{"_jetpack_memberships_contains_paid_content":false,"footnotes":"","jetpack_publicize_message":"","jetpack_publicize_feature_enabled":true,"jetpack_social_post_already_shared":true,"jetpack_social_options":{"image_generator_settings":{"template":"highway","default_image_id":0,"font":"","enabled":false},"version":2}},"categories":[639,14],"tags":[],"class_list":["post-49594","post","type-post","status-publish","format-standard","has-post-thumbnail","hentry","category-argentina","category-politica"],"jetpack_publicize_connections":[],"jetpack_featured_media_url":"https:\/\/portalmovil.com.ar\/wp-content\/uploads\/2022\/01\/068c3202-6a79-4304-8f58-ba839e598944.jpg","jetpack_sharing_enabled":true,"amp_enabled":true,"_links":{"self":[{"href":"https:\/\/portalmovil.com.ar\/index.php\/wp-json\/wp\/v2\/posts\/49594","targetHints":{"allow":["GET"]}}],"collection":[{"href":"https:\/\/portalmovil.com.ar\/index.php\/wp-json\/wp\/v2\/posts"}],"about":[{"href":"https:\/\/portalmovil.com.ar\/index.php\/wp-json\/wp\/v2\/types\/post"}],"author":[{"embeddable":true,"href":"https:\/\/portalmovil.com.ar\/index.php\/wp-json\/wp\/v2\/users\/2"}],"replies":[{"embeddable":true,"href":"https:\/\/portalmovil.com.ar\/index.php\/wp-json\/wp\/v2\/comments?post=49594"}],"version-history":[{"count":1,"href":"https:\/\/portalmovil.com.ar\/index.php\/wp-json\/wp\/v2\/posts\/49594\/revisions"}],"predecessor-version":[{"id":49596,"href":"https:\/\/portalmovil.com.ar\/index.php\/wp-json\/wp\/v2\/posts\/49594\/revisions\/49596"}],"wp:featuredmedia":[{"embeddable":true,"href":"https:\/\/portalmovil.com.ar\/index.php\/wp-json\/wp\/v2\/media\/49595"}],"wp:attachment":[{"href":"https:\/\/portalmovil.com.ar\/index.php\/wp-json\/wp\/v2\/media?parent=49594"}],"wp:term":[{"taxonomy":"category","embeddable":true,"href":"https:\/\/portalmovil.com.ar\/index.php\/wp-json\/wp\/v2\/categories?post=49594"},{"taxonomy":"post_tag","embeddable":true,"href":"https:\/\/portalmovil.com.ar\/index.php\/wp-json\/wp\/v2\/tags?post=49594"}],"curies":[{"name":"wp","href":"https:\/\/api.w.org\/{rel}","templated":true}]}}