{"id":49159,"date":"2022-01-24T17:41:45","date_gmt":"2022-01-24T20:41:45","guid":{"rendered":"https:\/\/portalmovil.com.ar\/?p=49159"},"modified":"2022-01-24T17:41:47","modified_gmt":"2022-01-24T20:41:47","slug":"covid-19-en-argentina-hoy-78-121-nuevos-casos-y-otros-281-muertos","status":"publish","type":"post","link":"https:\/\/portalmovil.com.ar\/index.php\/2022\/01\/24\/covid-19-en-argentina-hoy-78-121-nuevos-casos-y-otros-281-muertos\/","title":{"rendered":"Covid-19 en Argentina hoy: 78.121 nuevos casos y otros 281 muertos"},"content":{"rendered":"\n<p>Mientras el Gobierno apuesta a una nueva campa\u00f1a de vacunaci\u00f3n para garantizar el inicio del ciclo lectivo 2022 con \u00abpresencialidad plena y segura\u00bb, tal como adelant\u00f3 el Presidente al mediod\u00eda, el Ministerio de Salud inform\u00f3 que el porcentaje de ocupaci\u00f3n de camas en Unidades de Terapia Intensiva (UTI) es del\u00a0 47,9% a nivel nacional y del 46,9% en el \u00c1rea Metropolitana de Buenos Aires (AMBA).\u00a0<\/p>\n\n\n\n<p>Con estos nuevos n\u00fameros, un total de 7.940.657 personas cursaron la enfermedad, de los cuales 6.987.978 son pacientes recuperados y 833.235 permanecen como casos activos.<\/p>\n\n\n\n<figure class=\"wp-block-image\"><img decoding=\"async\" src=\"https:\/\/images.pagina12.com.ar\/styles\/width960\/public\/2022-01\/326610-sala-24-01.jpg?itok=8H8Q3Doz\" alt=\"\"\/><\/figure>\n\n\n\n<p>Adem\u00e1s, se notificaron 281 muertes (147 mujeres, 133 hombres y una persona sin sexo registrado), que suman 119.444 personas fallecidas desde marzo del a\u00f1o pasado hasta la fecha a causa de la COVID-19.<\/p>\n\n\n\n<p>Durante la jornada se realizaron&nbsp;<strong>116.841 testeos<\/strong>, se inform\u00f3 oficialmente.<\/p>\n\n\n\n<p>La provincia de Buenos Aires, con&nbsp;<strong>34.719 casos<\/strong>; la Ciudad de Buenos Aires, con&nbsp;<strong>10.378<\/strong>; C\u00f3rdoba con&nbsp;<strong>8301,<\/strong>&nbsp;y Santa Fe, con&nbsp;<strong>4231<\/strong>,<strong>&nbsp;fueron&nbsp;<\/strong><strong>las jurisdicciones que acumularon m\u00e1s contagios<\/strong>&nbsp;en las \u00faltimas 24 horas.<\/p>\n","protected":false},"excerpt":{"rendered":"<p>Mientras el Gobierno apuesta a una nueva campa\u00f1a de vacunaci\u00f3n para garantizar el inicio del ciclo lectivo 2022 con \u00abpresencialidad plena y segura\u00bb, tal como adelant\u00f3 el Presidente al mediod\u00eda, el Ministerio de Salud inform\u00f3 que el porcentaje de ocupaci\u00f3n de camas en Unidades de Terapia Intensiva (UTI) es del\u00a0 47,9% a nivel nacional y &hellip;<\/p>\n","protected":false},"author":2,"featured_media":47129,"comment_status":"open","ping_status":"open","sticky":false,"template":"","format":"standard","meta":{"_jetpack_memberships_contains_paid_content":false,"footnotes":"","jetpack_publicize_message":"","jetpack_publicize_feature_enabled":true,"jetpack_social_post_already_shared":true,"jetpack_social_options":{"image_generator_settings":{"template":"highway","default_image_id":0,"font":"","enabled":false},"version":2}},"categories":[639,46,12],"tags":[],"class_list":["post-49159","post","type-post","status-publish","format-standard","has-post-thumbnail","hentry","category-argentina","category-salud","category-ultimo"],"jetpack_publicize_connections":[],"jetpack_featured_media_url":"https:\/\/portalmovil.com.ar\/wp-content\/uploads\/2021\/12\/39221-coronavirus-contagios-contacto-estrecho-quienes-deben-aislarse-segun-el-decreto-de-prorroga-de-la-emergencia-sanitaria.jpg","jetpack_sharing_enabled":true,"amp_enabled":true,"_links":{"self":[{"href":"https:\/\/portalmovil.com.ar\/index.php\/wp-json\/wp\/v2\/posts\/49159","targetHints":{"allow":["GET"]}}],"collection":[{"href":"https:\/\/portalmovil.com.ar\/index.php\/wp-json\/wp\/v2\/posts"}],"about":[{"href":"https:\/\/portalmovil.com.ar\/index.php\/wp-json\/wp\/v2\/types\/post"}],"author":[{"embeddable":true,"href":"https:\/\/portalmovil.com.ar\/index.php\/wp-json\/wp\/v2\/users\/2"}],"replies":[{"embeddable":true,"href":"https:\/\/portalmovil.com.ar\/index.php\/wp-json\/wp\/v2\/comments?post=49159"}],"version-history":[{"count":1,"href":"https:\/\/portalmovil.com.ar\/index.php\/wp-json\/wp\/v2\/posts\/49159\/revisions"}],"predecessor-version":[{"id":49160,"href":"https:\/\/portalmovil.com.ar\/index.php\/wp-json\/wp\/v2\/posts\/49159\/revisions\/49160"}],"wp:featuredmedia":[{"embeddable":true,"href":"https:\/\/portalmovil.com.ar\/index.php\/wp-json\/wp\/v2\/media\/47129"}],"wp:attachment":[{"href":"https:\/\/portalmovil.com.ar\/index.php\/wp-json\/wp\/v2\/media?parent=49159"}],"wp:term":[{"taxonomy":"category","embeddable":true,"href":"https:\/\/portalmovil.com.ar\/index.php\/wp-json\/wp\/v2\/categories?post=49159"},{"taxonomy":"post_tag","embeddable":true,"href":"https:\/\/portalmovil.com.ar\/index.php\/wp-json\/wp\/v2\/tags?post=49159"}],"curies":[{"name":"wp","href":"https:\/\/api.w.org\/{rel}","templated":true}]}}