{"id":48838,"date":"2022-01-19T13:43:35","date_gmt":"2022-01-19T16:43:35","guid":{"rendered":"https:\/\/portalmovil.com.ar\/?p=48838"},"modified":"2022-01-19T13:43:38","modified_gmt":"2022-01-19T16:43:38","slug":"mi-abuela-me-corto-con-una-gillete-el-desgarrador-relato-de-un-nino-que-sufre-maltrato-en-charata","status":"publish","type":"post","link":"https:\/\/portalmovil.com.ar\/index.php\/2022\/01\/19\/mi-abuela-me-corto-con-una-gillete-el-desgarrador-relato-de-un-nino-que-sufre-maltrato-en-charata\/","title":{"rendered":"\u201cMi abuela me corto con una Gillete\u201d, el desgarrador relato de un ni\u00f1o que sufre maltrato en Charata"},"content":{"rendered":"\n<p>Quien \u201cse anim\u00f3\u201d a denunciar el terrible hecho fue la esposa del primo del menor. Una joven de 24 a\u00f1os que luego de los constantes maltratos hacia N.G de 5 a\u00f1os,\u00a0expuso a los tutores y hasta pidi\u00f3 la tutela del menor.\u00a0<\/p>\n\n\n\n<p>En su denuncia, realizada en el Departamento de Violencia Familiar y G\u00e9nero de Charata, la mujer relata que conoce a N.G hace 3 a\u00f1os y es primo de su marido. Seg\u00fan comenta\u00a0<strong>\u201cla madre de N.G lo abandon\u00f3\u201d y qued\u00f3 a cargo de su padre y de su abuela paterna<\/strong>, ambos con domicilio en el barrio Norte de Charata.\u00a0\u00a0<\/p>\n\n\n\n<p>El hecho que horroriz\u00f3 a la joven sucedi\u00f3 el pasado 10 de enero, cuando, seg\u00fan radic\u00f3 en la denuncia,<strong>\u00a0su cu\u00f1ado le avis\u00f3 que el ni\u00f1o hab\u00eda sido lastimado por parte de su abuela con una Gilette, ocasion\u00e1ndole\u00a0<u>un corte de 10 cent\u00edmetros en la cara del peque\u00f1o.<\/u><\/strong><\/p>\n\n\n\n<p><strong>\u201cEl 10 de enero de este a\u00f1o se present\u00f3 a mi domicilio mi cu\u00f1ado quien me manifest\u00f3 que su abuela hab\u00eda lastimado a N. con una gilet ocasionando un corte de 10 cent\u00edmetros aproximadamente en su rostro. Luego su padre lo llev\u00f3 al hospital donde le realizaron 15 puntos para cerrar dicho corte\u201d<\/strong>, consign\u00f3 la mujer en la denuncia.\u00a0\u00a0<\/p>\n\n\n\n<figure class=\"wp-block-image\"><img decoding=\"async\" src=\"https:\/\/www.diariochaco.com\/sites\/diariochaco.com\/files\/uploads3\/whatsapp_image_2022-01-19_at_09.03.52.jpeg\" alt=\"\"\/><\/figure>\n\n\n\n<p>\u00a0Ante ello,<strong>\u00a0solicit\u00f3 la intervenci\u00f3n de la Unidad de Protecci\u00f3n Integral (UPI)\u00a0<u>para obtener la tutela del menor<\/u><\/strong>\u00a0\u201cyo no tengo ning\u00fan problema de hacerme cargo del menor y darle la vida que merece\u201d.\u00a0<strong>\u00a0<\/strong><\/p>\n\n\n\n<p><strong>\u201cDesde que los conozco que observo que N.G viene sufriendo maltrato infantil; no habla (solo dice mam\u00e1 y pap\u00e1) pero desde que lo conozco nunca lo llevaron al m\u00e9dico, tampoco va al jard\u00edn y recibe violencia f\u00edsica constantemente por parte de sus tutores\u201d,<\/strong>\u00a0afirma la joven que se decidi\u00f3 a contar la realidad que ve con sus propios ojos hace tres a\u00f1os.\u00a0<\/p>\n\n\n\n<p><strong>\u201cSoy madre y si me tocan mi hija mato a quien sea! Con los chicos no, no importa quien sea yo no me voy a callar m\u00e1s nada!\u201d<\/strong>, twitte\u00f3 en su cuenta, donde expone tambi\u00e9n la situaci\u00f3n.<\/p>\n\n\n\n<p>Con informaci\u00f3n de <strong><em>Diario Chaco<\/em><\/strong><\/p>\n","protected":false},"excerpt":{"rendered":"<p>Quien \u201cse anim\u00f3\u201d a denunciar el terrible hecho fue la esposa del primo del menor. Una joven de 24 a\u00f1os que luego de los constantes maltratos hacia N.G de 5 a\u00f1os,\u00a0expuso a los tutores y hasta pidi\u00f3 la tutela del menor.\u00a0 En su denuncia, realizada en el Departamento de Violencia Familiar y G\u00e9nero de Charata, &hellip;<\/p>\n","protected":false},"author":2,"featured_media":48839,"comment_status":"open","ping_status":"open","sticky":false,"template":"","format":"standard","meta":{"_jetpack_memberships_contains_paid_content":false,"footnotes":"","jetpack_publicize_message":"","jetpack_publicize_feature_enabled":true,"jetpack_social_post_already_shared":true,"jetpack_social_options":{"image_generator_settings":{"template":"highway","default_image_id":0,"font":"","enabled":false},"version":2}},"categories":[5,8],"tags":[],"class_list":["post-48838","post","type-post","status-publish","format-standard","has-post-thumbnail","hentry","category-chaco","category-policiales"],"jetpack_publicize_connections":[],"jetpack_featured_media_url":"https:\/\/portalmovil.com.ar\/wp-content\/uploads\/2022\/01\/image_1_1.jpg","jetpack_sharing_enabled":true,"amp_enabled":true,"_links":{"self":[{"href":"https:\/\/portalmovil.com.ar\/index.php\/wp-json\/wp\/v2\/posts\/48838","targetHints":{"allow":["GET"]}}],"collection":[{"href":"https:\/\/portalmovil.com.ar\/index.php\/wp-json\/wp\/v2\/posts"}],"about":[{"href":"https:\/\/portalmovil.com.ar\/index.php\/wp-json\/wp\/v2\/types\/post"}],"author":[{"embeddable":true,"href":"https:\/\/portalmovil.com.ar\/index.php\/wp-json\/wp\/v2\/users\/2"}],"replies":[{"embeddable":true,"href":"https:\/\/portalmovil.com.ar\/index.php\/wp-json\/wp\/v2\/comments?post=48838"}],"version-history":[{"count":1,"href":"https:\/\/portalmovil.com.ar\/index.php\/wp-json\/wp\/v2\/posts\/48838\/revisions"}],"predecessor-version":[{"id":48840,"href":"https:\/\/portalmovil.com.ar\/index.php\/wp-json\/wp\/v2\/posts\/48838\/revisions\/48840"}],"wp:featuredmedia":[{"embeddable":true,"href":"https:\/\/portalmovil.com.ar\/index.php\/wp-json\/wp\/v2\/media\/48839"}],"wp:attachment":[{"href":"https:\/\/portalmovil.com.ar\/index.php\/wp-json\/wp\/v2\/media?parent=48838"}],"wp:term":[{"taxonomy":"category","embeddable":true,"href":"https:\/\/portalmovil.com.ar\/index.php\/wp-json\/wp\/v2\/categories?post=48838"},{"taxonomy":"post_tag","embeddable":true,"href":"https:\/\/portalmovil.com.ar\/index.php\/wp-json\/wp\/v2\/tags?post=48838"}],"curies":[{"name":"wp","href":"https:\/\/api.w.org\/{rel}","templated":true}]}}