{"id":48745,"date":"2022-01-18T11:06:18","date_gmt":"2022-01-18T14:06:18","guid":{"rendered":"https:\/\/portalmovil.com.ar\/?p=48745"},"modified":"2022-01-18T11:06:19","modified_gmt":"2022-01-18T14:06:19","slug":"un-grupo-de-personas-intento-usurpar-un-predio-en-la-rubita","status":"publish","type":"post","link":"https:\/\/portalmovil.com.ar\/index.php\/2022\/01\/18\/un-grupo-de-personas-intento-usurpar-un-predio-en-la-rubita\/","title":{"rendered":"Un grupo de personas intent\u00f3 usurpar un predio en La Rubita"},"content":{"rendered":"\n<p>A trav\u00e9s del accionar articulado entre el Gobierno, la Polic\u00eda del Chaco y el poder Judicial se logr\u00f3 desbaratar un intento de apropiaci\u00f3n&nbsp;de&nbsp;un terreno,&nbsp;propiedad de la Provincia.<\/p>\n\n\n\n<p>La Secretar\u00eda de Desarrollo Territorial y Ambiente intervino el viernes 14, en inmediaciones al barrio La Rubita de Resistencia, cuando un grupo de unas 30 personas limpiaban un predio provincial con intenciones de asentarse en construcciones precarias. <\/p>\n\n\n\n<p>\u00abAnte esta situaci\u00f3n dimos inmediato aviso a la comisar\u00eda 5\u00b0 y gracias a la r\u00e1pida intervenci\u00f3n policial y de la Fiscal\u00eda 6 se llev\u00f3 adelante el operativo de desistir a estas personas de su intento de toma del predio en cuesti\u00f3n\u00bb, expres\u00f3 el subsecretario de Articulaci\u00f3n Comunitaria y Gesti\u00f3n de Tierras Leandro Garc\u00eda Arias.<\/p>\n\n\n\n<p><br>Al d\u00eda siguiente, s\u00e1bado, se realiz\u00f3 una visita al predio para constatar el retiro definitivo de las personas. \u00abEsto demuestra como un accionar r\u00e1pido, articulado y llevado adelante seriamente por funcionarios del Poder Ejecutivo y Poder Judicial desbaratan un intento de apropiarse de una propiedad de la Provincia\u00bb, remarc\u00f3 el funcionario.<\/p>\n\n\n\n<p><br>\u201cDesalentamos este tipo de situaciones, porque van en desmedro de las personas que intentan conseguir un terreno para edificar su vivienda, la toma de terrenos nunca ser\u00e1 el camino\u201d, agreg\u00f3.<\/p>\n","protected":false},"excerpt":{"rendered":"<p>A trav\u00e9s del accionar articulado entre el Gobierno, la Polic\u00eda del Chaco y el poder Judicial se logr\u00f3 desbaratar un intento de apropiaci\u00f3n&nbsp;de&nbsp;un terreno,&nbsp;propiedad de la Provincia. La Secretar\u00eda de Desarrollo Territorial y Ambiente intervino el viernes 14, en inmediaciones al barrio La Rubita de Resistencia, cuando un grupo de unas 30 personas limpiaban un &hellip;<\/p>\n","protected":false},"author":2,"featured_media":48746,"comment_status":"open","ping_status":"open","sticky":false,"template":"","format":"standard","meta":{"_jetpack_memberships_contains_paid_content":false,"footnotes":"","jetpack_publicize_message":"","jetpack_publicize_feature_enabled":true,"jetpack_social_post_already_shared":true,"jetpack_social_options":{"image_generator_settings":{"template":"highway","default_image_id":0,"font":"","enabled":false},"version":2}},"categories":[28,37],"tags":[],"class_list":["post-48745","post","type-post","status-publish","format-standard","has-post-thumbnail","hentry","category-actualidad","category-resistencia"],"jetpack_publicize_connections":[],"jetpack_featured_media_url":"https:\/\/portalmovil.com.ar\/wp-content\/uploads\/2022\/01\/4c16a9ba-8736-45f4-b991-2352a899d257.jpg","jetpack_sharing_enabled":true,"amp_enabled":true,"_links":{"self":[{"href":"https:\/\/portalmovil.com.ar\/index.php\/wp-json\/wp\/v2\/posts\/48745","targetHints":{"allow":["GET"]}}],"collection":[{"href":"https:\/\/portalmovil.com.ar\/index.php\/wp-json\/wp\/v2\/posts"}],"about":[{"href":"https:\/\/portalmovil.com.ar\/index.php\/wp-json\/wp\/v2\/types\/post"}],"author":[{"embeddable":true,"href":"https:\/\/portalmovil.com.ar\/index.php\/wp-json\/wp\/v2\/users\/2"}],"replies":[{"embeddable":true,"href":"https:\/\/portalmovil.com.ar\/index.php\/wp-json\/wp\/v2\/comments?post=48745"}],"version-history":[{"count":1,"href":"https:\/\/portalmovil.com.ar\/index.php\/wp-json\/wp\/v2\/posts\/48745\/revisions"}],"predecessor-version":[{"id":48747,"href":"https:\/\/portalmovil.com.ar\/index.php\/wp-json\/wp\/v2\/posts\/48745\/revisions\/48747"}],"wp:featuredmedia":[{"embeddable":true,"href":"https:\/\/portalmovil.com.ar\/index.php\/wp-json\/wp\/v2\/media\/48746"}],"wp:attachment":[{"href":"https:\/\/portalmovil.com.ar\/index.php\/wp-json\/wp\/v2\/media?parent=48745"}],"wp:term":[{"taxonomy":"category","embeddable":true,"href":"https:\/\/portalmovil.com.ar\/index.php\/wp-json\/wp\/v2\/categories?post=48745"},{"taxonomy":"post_tag","embeddable":true,"href":"https:\/\/portalmovil.com.ar\/index.php\/wp-json\/wp\/v2\/tags?post=48745"}],"curies":[{"name":"wp","href":"https:\/\/api.w.org\/{rel}","templated":true}]}}