{"id":48707,"date":"2022-01-17T21:52:25","date_gmt":"2022-01-18T00:52:25","guid":{"rendered":"https:\/\/portalmovil.com.ar\/?p=48707"},"modified":"2022-01-17T21:52:27","modified_gmt":"2022-01-18T00:52:27","slug":"grandes-obras-como-este-puerto-cambian-el-paradigma-productivo","status":"publish","type":"post","link":"https:\/\/portalmovil.com.ar\/index.php\/2022\/01\/17\/grandes-obras-como-este-puerto-cambian-el-paradigma-productivo\/","title":{"rendered":"\u00abGrandes obras como este puerto, cambian el paradigma productivo\u00bb"},"content":{"rendered":"\n<p><\/p>\n\n\n\n<p>Capitanich junto al ministro del Interior, Eduardo De Pedro, dio inicio a la obra del puerto Las Palmas, con una inversi\u00f3n de 5,3 millones de d\u00f3lares.<\/p>\n\n\n\n<p>El gobernador Jorge Capitanich recibi\u00f3 este lunes en el&nbsp;<a href=\"https:\/\/datachaco.com\/contenido\/132862\/a-fines-de-enero-inauguraran-el-acceso-al-puerto-las-palmas\">puerto Las Palmas&nbsp;<\/a>al ministro del Interior de la Naci\u00f3n, Eduardo De Pedro, junto a quien firm\u00f3 el acta de inicio de obras y entrega de terrenos para la ejecuci\u00f3n de m\u00e1s infraestructura estrat\u00e9gica para el desarrollo productivo de la provincia. \u201cGrandes obras como \u00e9sta, son las que cambian el paradigma productivo de la provincia\u201d, expres\u00f3 el mandatario.<\/p>\n\n\n\n<p>La obra implica una inversi\u00f3n de 5,3 millones de d\u00f3lares e incluye la construcci\u00f3n de oficinas de administraci\u00f3n, el sistema el\u00e9ctrico del predio, play\u00f3n de cargas, contenedores, equipamiento de maquinarias y planta de agua potable.&nbsp;Adem\u00e1s, el gobernador y el ministro verificaron el avance de trabajos en el acceso a la estaci\u00f3n portuaria, que se encuentran en la etapa final y ser\u00e1n inaugurados antes de fin de mes.<\/p>\n\n\n\n<p>\u201cQueremos seguir expandiendo la base productiva y aumentar la base exportadora de la provincia\u201d, remarc\u00f3 Capitanich&nbsp;y asegur\u00f3 que con estas obras, \u201cveremos un impacto desde el punto de vista del empleo y de servicios complementarios. Todo esto va a propender a un desarrollo integral del Puerto Las Palmas\u201d, dijo y asegur\u00f3 que para 2023, Chaco tendr\u00e1 dos puertos competitivos: el de Las Palmas y el de Barranqueras, que potenciar\u00e1n la generaci\u00f3n de valor agregado en la provincia.<\/p>\n\n\n\n<p>DE PEDRO: \u201cDAR VALOR Y HACER COMPETITIVA A LA PRODUCCI\u00d3N CHAQUE\u00d1A\u201d<\/p>\n\n\n\n<p>El ministro del Interior Eduardo \u201cWado\u201d De Pedro enfatiz\u00f3 el objetivo del Gobierno Nacional de \u201cproyectar y planificar obras que tengan que ver con la producci\u00f3n y la creaci\u00f3n de empleo\u201d, destacando \u201cuna sinergia fenomenal con los gobiernos provinciales\u201d.<\/p>\n\n\n\n<p>Por \u00faltimo, confirm\u00f3 que&nbsp;\u201cen un a\u00f1o vamos a estar con el Presidente de la Naci\u00f3n inaugurando este puerto que hace a la log\u00edstica, al comercio, a la producci\u00f3n, y que implica dar valor y hacer m\u00e1s competitiva a la producci\u00f3n chaque\u00f1a\u201d.<\/p>\n\n\n\n<p>LAS OBRAS<\/p>\n\n\n\n<p>Con un plazo de 12 meses de ejecuci\u00f3n, cuenta con financiamiento del Banco Interamericano de Desarrollo (BID) y fue a trav\u00e9s del Ministerio del interior de la Naci\u00f3n, mediante el programa Provincias II.<\/p>\n\n\n\n<p>En las oficinas administrativas funcionar\u00e1n la administraci\u00f3n del puerto y organismos de contralor; la aduana y Prefectura Naval Argentina; un tinglado para la realizaci\u00f3n de tareas de consolidaci\u00f3n y control de aduana; un dep\u00f3sito de mercader\u00eda para exportaci\u00f3n, taller para el resguardo de herramientas, maquinarias y habr\u00e1 una oficina para el control de balanza.<\/p>\n\n\n\n<p>El sistema el\u00e9ctrico, servir\u00e1 para el conexionado del equipamiento a instalarse en el muelle, en la playa de maniobras, para brindar suministro a edificios de administraci\u00f3n, para la iluminaci\u00f3n para alimentar 20 contenedores refrigerados, port\u00f3n el\u00e9ctrico y tendido hacia la b\u00e1scula para camiones. El play\u00f3n de cargas tendr\u00e1 8.271 metros cuadrados y la planta de agua potable permitir\u00e1 abastecer al puerto y a la poblaci\u00f3n vecina. Las obras dar\u00e1n 30 puestos de trabajo directos en 3 meses, 100 a partir de los 5 meses, adem\u00e1s de 30 trabajos indirectos.<\/p>\n\n\n\n<p>Entre las obras ya finalizadas en el lugar, por un monto superior a los 410 millones de pesos, se ejecutaron 201 metros de muelle y 6 torres de iluminaci\u00f3n, el relleno, compactaci\u00f3n y pavimentaci\u00f3n del terreno de play\u00f3n de cargas, revestimientos de talud, cerco perimetral, instalaci\u00f3n de escala hidrom\u00e9trica y la refacci\u00f3n de la sala de primeros auxilios pr\u00f3xima al puerto.<\/p>\n","protected":false},"excerpt":{"rendered":"<p>Capitanich junto al ministro del Interior, Eduardo De Pedro, dio inicio a la obra del puerto Las Palmas, con una inversi\u00f3n de 5,3 millones de d\u00f3lares. El gobernador Jorge Capitanich recibi\u00f3 este lunes en el&nbsp;puerto Las Palmas&nbsp;al ministro del Interior de la Naci\u00f3n, Eduardo De Pedro, junto a quien firm\u00f3 el acta de inicio de &hellip;<\/p>\n","protected":false},"author":2,"featured_media":48708,"comment_status":"open","ping_status":"open","sticky":false,"template":"","format":"standard","meta":{"_jetpack_memberships_contains_paid_content":false,"footnotes":"","jetpack_publicize_message":"","jetpack_publicize_feature_enabled":true,"jetpack_social_post_already_shared":true,"jetpack_social_options":{"image_generator_settings":{"template":"highway","default_image_id":0,"font":"","enabled":false},"version":2}},"categories":[5,14],"tags":[],"class_list":["post-48707","post","type-post","status-publish","format-standard","has-post-thumbnail","hentry","category-chaco","category-politica"],"jetpack_publicize_connections":[],"jetpack_featured_media_url":"https:\/\/portalmovil.com.ar\/wp-content\/uploads\/2022\/01\/WhatsApp-Image-2022-01-17-at-21.51.27.jpeg","jetpack_sharing_enabled":true,"amp_enabled":true,"_links":{"self":[{"href":"https:\/\/portalmovil.com.ar\/index.php\/wp-json\/wp\/v2\/posts\/48707","targetHints":{"allow":["GET"]}}],"collection":[{"href":"https:\/\/portalmovil.com.ar\/index.php\/wp-json\/wp\/v2\/posts"}],"about":[{"href":"https:\/\/portalmovil.com.ar\/index.php\/wp-json\/wp\/v2\/types\/post"}],"author":[{"embeddable":true,"href":"https:\/\/portalmovil.com.ar\/index.php\/wp-json\/wp\/v2\/users\/2"}],"replies":[{"embeddable":true,"href":"https:\/\/portalmovil.com.ar\/index.php\/wp-json\/wp\/v2\/comments?post=48707"}],"version-history":[{"count":1,"href":"https:\/\/portalmovil.com.ar\/index.php\/wp-json\/wp\/v2\/posts\/48707\/revisions"}],"predecessor-version":[{"id":48709,"href":"https:\/\/portalmovil.com.ar\/index.php\/wp-json\/wp\/v2\/posts\/48707\/revisions\/48709"}],"wp:featuredmedia":[{"embeddable":true,"href":"https:\/\/portalmovil.com.ar\/index.php\/wp-json\/wp\/v2\/media\/48708"}],"wp:attachment":[{"href":"https:\/\/portalmovil.com.ar\/index.php\/wp-json\/wp\/v2\/media?parent=48707"}],"wp:term":[{"taxonomy":"category","embeddable":true,"href":"https:\/\/portalmovil.com.ar\/index.php\/wp-json\/wp\/v2\/categories?post=48707"},{"taxonomy":"post_tag","embeddable":true,"href":"https:\/\/portalmovil.com.ar\/index.php\/wp-json\/wp\/v2\/tags?post=48707"}],"curies":[{"name":"wp","href":"https:\/\/api.w.org\/{rel}","templated":true}]}}