{"id":48369,"date":"2022-01-12T16:13:01","date_gmt":"2022-01-12T19:13:01","guid":{"rendered":"https:\/\/portalmovil.com.ar\/?p=48369"},"modified":"2022-01-12T16:13:04","modified_gmt":"2022-01-12T19:13:04","slug":"chaco-definio-las-nuevas-medidas-sobre-hisopados-y-aislamiento-de-contactos-estrechos","status":"publish","type":"post","link":"https:\/\/portalmovil.com.ar\/index.php\/2022\/01\/12\/chaco-definio-las-nuevas-medidas-sobre-hisopados-y-aislamiento-de-contactos-estrechos\/","title":{"rendered":"Chaco defini\u00f3 las nuevas medidas sobre hisopados y aislamiento de contactos estrechos"},"content":{"rendered":"\n<p>El Ministerio de Salud P\u00fablica del Chaco inform\u00f3, este mi\u00e9rcoles, la adhesi\u00f3n provincial a las nuevas medidas nacionales de testeo y aislamiento establecido por criterios epidemiol\u00f3gicos con el fin de destensar el sistema sanitario chaque\u00f1o. Desde ahora los hisopados solo se realizar\u00e1n a las personas que presentan s\u00edntomas sin ser contactos estrechos de casos positivos de COVID-19, a personas mayores de 60 a\u00f1os y quienes presenten factores de riesgo y cuentan con nexo epidemiol\u00f3gico con pacientes con coronavirus.<\/p>\n\n\n\n<p>Es decir que los contactos estrechos sin s\u00edntomas no deber\u00e1n testearse, y quienes presentan s\u00edntomas y nexo epidemiol\u00f3gicos con casos positivos ser\u00e1n considerados como casos confirmados sin necesidad de un testeo y deber\u00e1n seguir con las recomendaciones m\u00e9dicas y el respectivo aislamiento.<\/p>\n\n\n\n<p>Los contactos estrechos asintom\u00e1ticos que posean el esquema de vacunaci\u00f3n completo contra COVID-19 (es decir que cuentan con dos dosis en un intervalo menor de 4 meses o disponen de la vacuna de refuerzo) y quienes padecieron la enfermedad en un plazo menor a 90 d\u00edas quedar\u00e1n exentos de realizar el aislamiento.<\/p>\n\n\n\n<p>Por otra parte, el Ministerio de Salud P\u00fablica del Chaco no realizar\u00e1 m\u00e1s testeos a personas asintom\u00e1ticas que deseen el certificado para viajar o para tr\u00e1mites m\u00e9dicos o particulares.<\/p>\n\n\n\n<p>\u201cAnte la situaci\u00f3n cr\u00edtica por la que atraviesa el mundo y el pa\u00eds por la variante \u00d3micron de COVID-19 es necesario actualizar los protocolos de testeo y aislamiento seg\u00fan el conocimiento cient\u00edfico y criterios epidemiol\u00f3gicos y desde el Chaco adherimos a las medidas establecidas por la Naci\u00f3n\u201d, se\u00f1al\u00f3 la ministra de Salud P\u00fablica Carolina Centeno.<\/p>\n\n\n\n<p>Participaron de la conferencia de prensa tambi\u00e9n la directora del Departamento de Inmunizaciones Mar\u00eda Laura Lezcano, la directora del hospital Pedi\u00e1trico \u201cDr. Avelino Castel\u00e1n\u201d Alicia Michelini y el integrante de la Sociedad Argentina de Medicina Jos\u00e9 Bola\u00f1os.<\/p>\n\n\n\n<p><strong>La diferencia de la vacuna<\/strong><\/p>\n\n\n\n<p>El integrante de la Sociedad Argentina de Medicina Jos\u00e9 Bola\u00f1os asegur\u00f3 que la situaci\u00f3n sanitaria nacional actual es totalmente distinta a la del inicio de la pandemia gracias al avance de la vacunaci\u00f3n contra COVID-19. \u201cLos contactos estrechos de casos positivos reaccionar\u00e1n de forma distinta ya que, al contar con dos o tres dosis de vacuna, la inmunidad ser\u00e1 distinta, sobre todo si est\u00e1 en contacto mayoritariamente con otras personas vacunadas\u201d, se\u00f1al\u00f3.<\/p>\n\n\n\n<p>Por ello coincidi\u00f3 en que ya no hay necesidad de testear por las dudas a todas las personas a fin de evitar la saturaci\u00f3n del sistema. \u201cEn las sociedades cient\u00edficas coincidimos con las recomendaciones del COFESA y creemos que debemos seguir avanzando con decisiones sanitarias, probablemente algunas de estas nuevas medidas puedan cambiar a futuro porque nos iremos adaptando a nuevas situaciones\u201d, a\u00f1adi\u00f3.<\/p>\n\n\n\n<p><strong>Vacunaci\u00f3n pedi\u00e1trica<\/strong><\/p>\n\n\n\n<p>La directora del hospital Pedi\u00e1trico \u201cDr. Avelino Castel\u00e1n\u201d Alicia Michelini destac\u00f3 la importancia de la vacunaci\u00f3n en ni\u00f1as y ni\u00f1os de entre 3 y 11 a\u00f1os. \u201cLa vacuna es segura, no tiene excipientes riesgosos o peligrosos y en las millones de dosis que colocaron no se han visto eventos adversos\u201d, se\u00f1al\u00f3.<\/p>\n\n\n\n<p>Michelini se\u00f1al\u00f3 que la vacuna ayuda a prevenir el S\u00edndrome Inflamatorio Sist\u00e9mico que se registr\u00f3 en algunos ni\u00f1os y ni\u00f1as que padecieron COVID-19. \u201cEs poco frecuente, pero existe un cuadro que ocurre en algunos ni\u00f1os despu\u00e9s de un episodio asintom\u00e1tico de COVID-19, donde se produce una inflamaci\u00f3n severa en diferentes \u00f3rganos vitales, como coraz\u00f3n, pulm\u00f3n, h\u00edgado, que puede producir riesgo de vida o internaci\u00f3n en terapia. En Chaco hemos tenido entre 30 y 40 chicos S\u00edndrome Inflamatorio Sist\u00e9mico, y, si bien es poco frecuente, hoy en d\u00eda la vacuna puede evitarlo\u201d, explic\u00f3.<\/p>\n\n\n\n<p>Asimismo, la vacuna pedi\u00e1trica tambi\u00e9n ayuda a proteger a los ni\u00f1as y ni\u00f1os menores de 3 a\u00f1os, que a\u00fan no est\u00e1n contemplados en el esquema de vacunaci\u00f3n contra COVID-19 y ayuda a evitar futuros contagios en personas de riesgo que integran las familias.<\/p>\n\n\n\n<p><strong>Necesidad de completar la inmunizaci\u00f3n<\/strong><\/p>\n\n\n\n<p>La jefa del Departamento de Inmunizaciones del Chaco Mar\u00eda Laura Lezcano inst\u00f3 a la poblaci\u00f3n a continuar completando los esquemas de vacunaci\u00f3n contra COVID-19. \u201cTenemos que llegar a altas coberturas de dosis de refuerzo, y necesitamos que la poblaci\u00f3n tome conciencia y acceda a la vacuna en cualquiera de las postas que tenemos en la provincia teniendo en cuenta estas nuevas condiciones de testeo y aislamiento. En todas las postas de la provincia tenemos disponibilidad de vacunas\u201d, indic\u00f3 la funcionaria chaque\u00f1a.<\/p>\n","protected":false},"excerpt":{"rendered":"<p>El Ministerio de Salud P\u00fablica del Chaco inform\u00f3, este mi\u00e9rcoles, la adhesi\u00f3n provincial a las nuevas medidas nacionales de testeo y aislamiento establecido por criterios epidemiol\u00f3gicos con el fin de destensar el sistema sanitario chaque\u00f1o. Desde ahora los hisopados solo se realizar\u00e1n a las personas que presentan s\u00edntomas sin ser contactos estrechos de casos positivos &hellip;<\/p>\n","protected":false},"author":2,"featured_media":48370,"comment_status":"open","ping_status":"open","sticky":false,"template":"","format":"standard","meta":{"_jetpack_memberships_contains_paid_content":false,"footnotes":"","jetpack_publicize_message":"","jetpack_publicize_feature_enabled":true,"jetpack_social_post_already_shared":true,"jetpack_social_options":{"image_generator_settings":{"template":"highway","default_image_id":0,"font":"","enabled":false},"version":2}},"categories":[5,46,12],"tags":[],"class_list":["post-48369","post","type-post","status-publish","format-standard","has-post-thumbnail","hentry","category-chaco","category-salud","category-ultimo"],"jetpack_publicize_connections":[],"jetpack_featured_media_url":"https:\/\/portalmovil.com.ar\/wp-content\/uploads\/2022\/01\/f1de771aecbf52ec2a3290e6eb70d906.jpg","jetpack_sharing_enabled":true,"amp_enabled":true,"_links":{"self":[{"href":"https:\/\/portalmovil.com.ar\/index.php\/wp-json\/wp\/v2\/posts\/48369","targetHints":{"allow":["GET"]}}],"collection":[{"href":"https:\/\/portalmovil.com.ar\/index.php\/wp-json\/wp\/v2\/posts"}],"about":[{"href":"https:\/\/portalmovil.com.ar\/index.php\/wp-json\/wp\/v2\/types\/post"}],"author":[{"embeddable":true,"href":"https:\/\/portalmovil.com.ar\/index.php\/wp-json\/wp\/v2\/users\/2"}],"replies":[{"embeddable":true,"href":"https:\/\/portalmovil.com.ar\/index.php\/wp-json\/wp\/v2\/comments?post=48369"}],"version-history":[{"count":1,"href":"https:\/\/portalmovil.com.ar\/index.php\/wp-json\/wp\/v2\/posts\/48369\/revisions"}],"predecessor-version":[{"id":48371,"href":"https:\/\/portalmovil.com.ar\/index.php\/wp-json\/wp\/v2\/posts\/48369\/revisions\/48371"}],"wp:featuredmedia":[{"embeddable":true,"href":"https:\/\/portalmovil.com.ar\/index.php\/wp-json\/wp\/v2\/media\/48370"}],"wp:attachment":[{"href":"https:\/\/portalmovil.com.ar\/index.php\/wp-json\/wp\/v2\/media?parent=48369"}],"wp:term":[{"taxonomy":"category","embeddable":true,"href":"https:\/\/portalmovil.com.ar\/index.php\/wp-json\/wp\/v2\/categories?post=48369"},{"taxonomy":"post_tag","embeddable":true,"href":"https:\/\/portalmovil.com.ar\/index.php\/wp-json\/wp\/v2\/tags?post=48369"}],"curies":[{"name":"wp","href":"https:\/\/api.w.org\/{rel}","templated":true}]}}