{"id":48282,"date":"2022-01-11T18:48:19","date_gmt":"2022-01-11T21:48:19","guid":{"rendered":"https:\/\/portalmovil.com.ar\/?p=48282"},"modified":"2022-01-11T18:48:21","modified_gmt":"2022-01-11T21:48:21","slug":"chaco-marco-un-nuevo-record-de-casos-de-covid-19-2-830","status":"publish","type":"post","link":"https:\/\/portalmovil.com.ar\/index.php\/2022\/01\/11\/chaco-marco-un-nuevo-record-de-casos-de-covid-19-2-830\/","title":{"rendered":"Chaco marc\u00f3 un nuevo r\u00e9cord de casos de covid-19: 2.830"},"content":{"rendered":"\n<p><\/p>\n\n\n\n<p>Adem\u00e1s, se produjeron cuatro nuevas muertes. As\u00ed, la provincia acumula 118.651 infectados y 2.318 desde el inicio de la pandemia.<\/p>\n\n\n\n<p>El Ministerio de Salud de la Naci\u00f3n inform\u00f3 que<strong>&nbsp;este martes 11 de enero se registr\u00f3 2.830 nuevos casos de coronavirus, lo que representa el r\u00e9cord hist\u00f3rico de contagios diarios en la provincia.<\/strong><\/p>\n\n\n\n<p>Adem\u00e1s, la cartera sanitaria conducida por Carla Vizzotti notific\u00f3&nbsp;<strong>cuatro nuevas muertes por covid-19 en el Chaco, correspondientes a dos hombres y dos mujeres.<\/strong><\/p>\n\n\n\n<p><strong>De esta manera, la provincia acumula 118.651 personas infectadas y 2.318 v\u00edctimas fatales desde que comenz\u00f3 la pandemia<\/strong>.<\/p>\n\n\n\n<p>Hasta la fecha,&nbsp;<a href=\"https:\/\/datachaco.com\/contenido\/132697\/el-chaco-registro-1974-casos-de-coronavirus-nuevo-record\">el n\u00famero m\u00e1ximo de contagios en un d\u00eda se hab\u00eda registrado el lunes pasado, con 1.974 infectados.<\/a><\/p>\n\n\n\n<p><strong>LA ARGENTINA MARC\u00d3 UN NUEVO R\u00c9CORD, CON 134.439 CONTAGIOS<\/strong><\/p>\n\n\n\n<p><strong>La Argentina volvi\u00f3 a superar este martes 11 de enero su r\u00e9cord de contagios, con&nbsp;<a href=\"https:\/\/datachaco.com\/contenido\/132749\/covid-19-reportan-134439-casos-en-el-pais-un-nuevo-record\">134.439 casos registrados en las \u00faltimas 24 horas<\/a>,<\/strong>&nbsp;seg\u00fan inform\u00f3 el Ministerio de Salud de la Naci\u00f3n. Adem\u00e1s, se notificaron 52 nuevas muertes en el pa\u00eds.<\/p>\n\n\n\n<p>El pico m\u00e1ximo hasta ahora era de 110.533, del viernes 7 de enero.<\/p>\n\n\n\n<p><strong>Con estos registros, el total de personas infectadas desde que comenz\u00f3 la pandemia ascendi\u00f3 a 6.533.635, mientras que el n\u00famero de v\u00edctimas fatales subi\u00f3 a 117.595.<\/strong><\/p>\n\n\n\n<p>Por otra parte, la cartera sanitaria inform\u00f3 que&nbsp;<strong>actualmente hay 2.084 pacientes con covid-19 internados en terapia intensiva, en tanto que a la fecha se registran 761.294 casos activos en todo el pa\u00eds.&nbsp;<\/strong>Asimismo,&nbsp;<strong>en las \u00faltimas 24 horas se realizaron 201.585 testeos, con una tasa de positividad del 66,6%.<\/strong><\/p>\n\n\n\n<p>Los \u00faltimos 52 fallecimientos confirmados este martes corresponden a 22 hombres y 30 mujeres.&nbsp;<\/p>\n\n\n\n<p><strong>LOS NUEVOS CASOS, PROVINCIA POR PROVINCIA<\/strong><\/p>\n\n\n\n<p>De los 134.439 casos de COVID-19 reportados este martes, 91.812 casos (el 68,29%) se concentran en PBA (49.864), CABA (15.736), C\u00f3rdoba (14.641) y Santa Fe (11.571).&nbsp;Para el resto del pa\u00eds, los n\u00fameros fueron los siguientes: Catamarca 872 contagios, Chaco 2.830, Chubut 1.441, Corrientes 1.459, Entre R\u00edos 2.829, Formosa 1.304, Jujuy 2.777, La Pampa 1.360, La Rioja 307, Mendoza 4.551, Misiones 421, Neuqu\u00e9n 2.110, R\u00edo Negro 1.711, Salta 4.080, San Juan 3.800, San Luis 1.630, Santa Cruz 1.323, Santiago del Estero 3.030, Tierra del Fuego 446 y Tucum\u00e1n 4.346.<\/p>\n","protected":false},"excerpt":{"rendered":"<p>Adem\u00e1s, se produjeron cuatro nuevas muertes. As\u00ed, la provincia acumula 118.651 infectados y 2.318 desde el inicio de la pandemia. El Ministerio de Salud de la Naci\u00f3n inform\u00f3 que&nbsp;este martes 11 de enero se registr\u00f3 2.830 nuevos casos de coronavirus, lo que representa el r\u00e9cord hist\u00f3rico de contagios diarios en la provincia. Adem\u00e1s, la cartera &hellip;<\/p>\n","protected":false},"author":2,"featured_media":19677,"comment_status":"open","ping_status":"open","sticky":false,"template":"","format":"standard","meta":{"_jetpack_memberships_contains_paid_content":false,"footnotes":"","jetpack_publicize_message":"","jetpack_publicize_feature_enabled":true,"jetpack_social_post_already_shared":true,"jetpack_social_options":{"image_generator_settings":{"template":"highway","default_image_id":0,"font":"","enabled":false},"version":2}},"categories":[5,46],"tags":[],"class_list":["post-48282","post","type-post","status-publish","format-standard","has-post-thumbnail","hentry","category-chaco","category-salud"],"jetpack_publicize_connections":[],"jetpack_featured_media_url":"https:\/\/portalmovil.com.ar\/wp-content\/uploads\/2021\/01\/Coronavirus-Testeo7-696x465-1.jpg","jetpack_sharing_enabled":true,"amp_enabled":true,"_links":{"self":[{"href":"https:\/\/portalmovil.com.ar\/index.php\/wp-json\/wp\/v2\/posts\/48282","targetHints":{"allow":["GET"]}}],"collection":[{"href":"https:\/\/portalmovil.com.ar\/index.php\/wp-json\/wp\/v2\/posts"}],"about":[{"href":"https:\/\/portalmovil.com.ar\/index.php\/wp-json\/wp\/v2\/types\/post"}],"author":[{"embeddable":true,"href":"https:\/\/portalmovil.com.ar\/index.php\/wp-json\/wp\/v2\/users\/2"}],"replies":[{"embeddable":true,"href":"https:\/\/portalmovil.com.ar\/index.php\/wp-json\/wp\/v2\/comments?post=48282"}],"version-history":[{"count":1,"href":"https:\/\/portalmovil.com.ar\/index.php\/wp-json\/wp\/v2\/posts\/48282\/revisions"}],"predecessor-version":[{"id":48283,"href":"https:\/\/portalmovil.com.ar\/index.php\/wp-json\/wp\/v2\/posts\/48282\/revisions\/48283"}],"wp:featuredmedia":[{"embeddable":true,"href":"https:\/\/portalmovil.com.ar\/index.php\/wp-json\/wp\/v2\/media\/19677"}],"wp:attachment":[{"href":"https:\/\/portalmovil.com.ar\/index.php\/wp-json\/wp\/v2\/media?parent=48282"}],"wp:term":[{"taxonomy":"category","embeddable":true,"href":"https:\/\/portalmovil.com.ar\/index.php\/wp-json\/wp\/v2\/categories?post=48282"},{"taxonomy":"post_tag","embeddable":true,"href":"https:\/\/portalmovil.com.ar\/index.php\/wp-json\/wp\/v2\/tags?post=48282"}],"curies":[{"name":"wp","href":"https:\/\/api.w.org\/{rel}","templated":true}]}}