{"id":48271,"date":"2022-01-11T17:58:42","date_gmt":"2022-01-11T20:58:42","guid":{"rendered":"https:\/\/portalmovil.com.ar\/?p=48271"},"modified":"2022-01-11T18:10:00","modified_gmt":"2022-01-11T21:10:00","slug":"autoridades-provinciales-y-paraguayas-trabajan-en-la-reapertura-fronteriza-en-puerto-bermejo","status":"publish","type":"post","link":"https:\/\/portalmovil.com.ar\/index.php\/2022\/01\/11\/autoridades-provinciales-y-paraguayas-trabajan-en-la-reapertura-fronteriza-en-puerto-bermejo\/","title":{"rendered":"Autoridades provinciales y paraguayas trabajan en la reapertura fronteriza en Puerto Bermejo"},"content":{"rendered":"\n<p><\/p>\n\n\n\n<p>El intendente de Puerto Bermejo, Isaac Velozo particip\u00f3 de una reuni\u00f3n virtual junto sus pares de La Leonesa Jos\u00e9 Carbajal y de Pilar (Paraguay), Fernando Ram\u00edrez con el fin de tratar la reapertura de frontera con Paraguay. Del encuentro celebrado a trav\u00e9s de la plataforma Zoom tambi\u00e9n estuvo la diputada provincial Elda Insaurralde.<\/p>\n\n\n\n<p>\u00abEn esta oportunidad vimos las necesidades que tenemos de que se reabra este puerto por temas econ\u00f3micos, sociales y de salud\u201d, afirm\u00f3 Velozo y agreg\u00f3: \u201cSobre todo porque mover\u00eda mucho la econom\u00eda de nuestro Departamento, adem\u00e1s de que tambi\u00e9n hay varios familiares de vecinos de la localidad que residen en Paraguay y que no pueden volver o que no pueden ir\u201d.<\/p>\n\n\n\n<p>Asimismo, Velozo junto a la diputada provincial Elda Insaurralde y el intendente Jos\u00e9 Carbajal, coincidieron en \u00abfirmar un documento en conjunto con el intendente de Pilar, Fernando Ram\u00edrez, haciendo notar la importancia que tiene la reapertura de este puerto, y reenviar esa solicitud a las autoridades provinciales y nacionales de cada pa\u00eds\u201d. No obstante, Velozo remarc\u00f3 que \u00abhace dos a\u00f1os tenemos cerradas las fronteras, donde las personas que viven del tr\u00e1fico fronterizo legal la est\u00e1n pasando mal, como as\u00ed tambi\u00e9n los que viven de su trabajo cotidiano y por este cierre hoy est\u00e1n si actividad\u00bb.<\/p>\n\n\n\n<p>En este sentido, las autoridades municipales y provinciales afirmaron en que la idea es tener el Pase Sanitario, teniendo en cuenta que en el Chaco el puerto lim\u00edtrofe habilitado es el Bermejo y cuenta con todos los elementos necesarios para hacer el cruce, ya que tiene todo el equipamiento y personal capacitado. \u00abL\u00f3gicamente seguiremos con los protocolos que hay en todo el pa\u00eds, sea vacunaciones y testeos con 48 a 72 horas de antelaci\u00f3n\u00bb, analiz\u00f3.<\/p>\n\n\n\n<p>Por \u00faltimo, el intendente de Puerto Bermejo remarc\u00f3 la necesidad de reabrir la frontera con la Rep\u00fablica del Paraguay, ya que esto \u00abreabrir\u00eda un engranaje econ\u00f3mico que beneficiar\u00eda a los dos departamentos, el Bermejo y \u00d1eembuc\u00fa, que cuentan con m\u00e1s de 300 mil personas en total entre ambas orillas\u00bb, concluy\u00f3.<\/p>\n","protected":false},"excerpt":{"rendered":"<p>El intendente de Puerto Bermejo, Isaac Velozo particip\u00f3 de una reuni\u00f3n virtual junto sus pares de La Leonesa Jos\u00e9 Carbajal y de Pilar (Paraguay), Fernando Ram\u00edrez con el fin de tratar la reapertura de frontera con Paraguay. Del encuentro celebrado a trav\u00e9s de la plataforma Zoom tambi\u00e9n estuvo la diputada provincial Elda Insaurralde. \u00abEn esta &hellip;<\/p>\n","protected":false},"author":2,"featured_media":48274,"comment_status":"open","ping_status":"open","sticky":false,"template":"","format":"standard","meta":{"_jetpack_memberships_contains_paid_content":false,"footnotes":"","jetpack_publicize_message":"","jetpack_publicize_feature_enabled":true,"jetpack_social_post_already_shared":true,"jetpack_social_options":{"image_generator_settings":{"template":"highway","default_image_id":0,"font":"","enabled":false},"version":2}},"categories":[5],"tags":[],"class_list":["post-48271","post","type-post","status-publish","format-standard","has-post-thumbnail","hentry","category-chaco"],"jetpack_publicize_connections":[],"jetpack_featured_media_url":"https:\/\/portalmovil.com.ar\/wp-content\/uploads\/2022\/01\/WhatsApp-Image-2022-01-11-at-18.08.30.jpeg","jetpack_sharing_enabled":true,"amp_enabled":true,"_links":{"self":[{"href":"https:\/\/portalmovil.com.ar\/index.php\/wp-json\/wp\/v2\/posts\/48271","targetHints":{"allow":["GET"]}}],"collection":[{"href":"https:\/\/portalmovil.com.ar\/index.php\/wp-json\/wp\/v2\/posts"}],"about":[{"href":"https:\/\/portalmovil.com.ar\/index.php\/wp-json\/wp\/v2\/types\/post"}],"author":[{"embeddable":true,"href":"https:\/\/portalmovil.com.ar\/index.php\/wp-json\/wp\/v2\/users\/2"}],"replies":[{"embeddable":true,"href":"https:\/\/portalmovil.com.ar\/index.php\/wp-json\/wp\/v2\/comments?post=48271"}],"version-history":[{"count":1,"href":"https:\/\/portalmovil.com.ar\/index.php\/wp-json\/wp\/v2\/posts\/48271\/revisions"}],"predecessor-version":[{"id":48273,"href":"https:\/\/portalmovil.com.ar\/index.php\/wp-json\/wp\/v2\/posts\/48271\/revisions\/48273"}],"wp:featuredmedia":[{"embeddable":true,"href":"https:\/\/portalmovil.com.ar\/index.php\/wp-json\/wp\/v2\/media\/48274"}],"wp:attachment":[{"href":"https:\/\/portalmovil.com.ar\/index.php\/wp-json\/wp\/v2\/media?parent=48271"}],"wp:term":[{"taxonomy":"category","embeddable":true,"href":"https:\/\/portalmovil.com.ar\/index.php\/wp-json\/wp\/v2\/categories?post=48271"},{"taxonomy":"post_tag","embeddable":true,"href":"https:\/\/portalmovil.com.ar\/index.php\/wp-json\/wp\/v2\/tags?post=48271"}],"curies":[{"name":"wp","href":"https:\/\/api.w.org\/{rel}","templated":true}]}}