{"id":48172,"date":"2022-01-10T15:45:24","date_gmt":"2022-01-10T18:45:24","guid":{"rendered":"https:\/\/portalmovil.com.ar\/?p=48172"},"modified":"2022-01-10T15:45:35","modified_gmt":"2022-01-10T18:45:35","slug":"entregaron-maquinarias-herramientas-e-insumos-en-las-garcitas-y-presidencia-de-la-plaza","status":"publish","type":"post","link":"https:\/\/portalmovil.com.ar\/index.php\/2022\/01\/10\/entregaron-maquinarias-herramientas-e-insumos-en-las-garcitas-y-presidencia-de-la-plaza\/","title":{"rendered":"Entregaron maquinarias, herramientas e insumos en Las Garcitas y Presidencia de la Plaza"},"content":{"rendered":"\n<p>La ministra&nbsp;de Desarrollo Social&nbsp;Mar\u00eda P\u00eda Chiacchio Cavana&nbsp;encabez\u00f3 en Las Garcitas, junto al intendente Sergio Dolce,&nbsp;la entrega&nbsp;maquinarias, herramientas&nbsp;e&nbsp;insumos a 31 familias emprendedoras.&nbsp;Tambi\u00e9n estuvo presente la coordinadora de la Unidad Ejecutora de Pol\u00edticas Sociales y del plan Emprendemos Todxs, Roc\u00edo Dom\u00ednguez.<\/p>\n\n\n\n<p>De esta manera, a trav\u00e9s de pol\u00edticas inclusivas, se busca reactivar la econom\u00eda y el empleo a peque\u00f1a escala, adem\u00e1s de generar producci\u00f3n local.&nbsp;La provincia cuenta con m\u00e1s&nbsp;5600&nbsp;unidades de producci\u00f3n y comercializaci\u00f3n de emprendimientos locales&nbsp;distribuidos en distintas localidades.<\/p>\n\n\n\n<p>En la oportunidad adem\u00e1s&nbsp;entregaron&nbsp;a 26 familias de tarjetas PVA, correspondientes al Programa Vivienda Adecuada implementado por el IPDUV, con fondos para la cobertura de problem\u00e1ticas habitacionales que necesitan refacciones o mejoramientos.<\/p>\n\n\n\n<p>En&nbsp;Presidencia de la Plaza, la ministra Chiacchio Cavana junto al jefe comunal Diego Bernachea,&nbsp;entregaron&nbsp;fondos para la refacci\u00f3n de hogares a 10 nuevas familias de la localidad.&nbsp;Se trata del programa Mejor Techo, Mejor Vida de la cartera social junto al NBCH, mediante tarjetas recargables&nbsp;que&nbsp;aportan fondos no reintegrables m\u00e1ximos de 300 mil pesos, a nombre de titulares de derechos.<\/p>\n\n\n\n<p>El 70%&nbsp;del monto&nbsp;est\u00e1 destinado a adquisici\u00f3n de materiales de construcci\u00f3n y afines, con el 30% restante se financia mano de obra, impulsando el comercio chaque\u00f1o y la econom\u00eda social de las comunidades intervenidas.<\/p>\n\n\n\n<p>Estas 10 familias se suman a las 200 que ya se tienen el respaldo de Mejor Techo, Mejor Vida, en barriadas de Resistencia, Makall\u00e9 y Plaza, y cuentan con Certificado \u00danico de Beneficiarios del H\u00e1bitat &#8211; RUBH, dando prioridad a hogares en que algunos de sus integrantes se encuentran discapacitados, transitan embarazos o son madres de siete hijos o m\u00e1s.<\/p>\n\n\n\n<p>Para ello, equipos sociales de la Unidad Ejecutora de Pol\u00edticas Sociales, la Subsecretar\u00eda de Econom\u00eda y Pol\u00edticas Sociales, y la Subsecretaria de Ni\u00f1ez, Adolescencia y Familia realizaron un proceso de relevamiento territorial, selecci\u00f3n y an\u00e1lisis de casos, sobre la base de indicadores sociables sensibles como de factibilidad t\u00e9cnica, y el aporte desde los municipios.<\/p>\n\n\n\n<p>Luego&nbsp;la ministra y el intendente visitaron a familias v\u00edctimas de incendio&nbsp;para&nbsp;brindarle&nbsp;asistencia&nbsp;y contenci\u00f3n estatal.&nbsp;<\/p>\n","protected":false},"excerpt":{"rendered":"<p>La ministra&nbsp;de Desarrollo Social&nbsp;Mar\u00eda P\u00eda Chiacchio Cavana&nbsp;encabez\u00f3 en Las Garcitas, junto al intendente Sergio Dolce,&nbsp;la entrega&nbsp;maquinarias, herramientas&nbsp;e&nbsp;insumos a 31 familias emprendedoras.&nbsp;Tambi\u00e9n estuvo presente la coordinadora de la Unidad Ejecutora de Pol\u00edticas Sociales y del plan Emprendemos Todxs, Roc\u00edo Dom\u00ednguez. De esta manera, a trav\u00e9s de pol\u00edticas inclusivas, se busca reactivar la econom\u00eda y el empleo &hellip;<\/p>\n","protected":false},"author":2,"featured_media":48173,"comment_status":"open","ping_status":"open","sticky":false,"template":"","format":"standard","meta":{"_jetpack_memberships_contains_paid_content":false,"footnotes":"","jetpack_publicize_message":"","jetpack_publicize_feature_enabled":true,"jetpack_social_post_already_shared":true,"jetpack_social_options":{"image_generator_settings":{"template":"highway","default_image_id":0,"font":"","enabled":false},"version":2}},"categories":[5,42],"tags":[],"class_list":["post-48172","post","type-post","status-publish","format-standard","has-post-thumbnail","hentry","category-chaco","category-interior"],"jetpack_publicize_connections":[],"jetpack_featured_media_url":"https:\/\/portalmovil.com.ar\/wp-content\/uploads\/2022\/01\/38d469b2ed25708c2016360b5c8f71ca.jpg","jetpack_sharing_enabled":true,"amp_enabled":true,"_links":{"self":[{"href":"https:\/\/portalmovil.com.ar\/index.php\/wp-json\/wp\/v2\/posts\/48172","targetHints":{"allow":["GET"]}}],"collection":[{"href":"https:\/\/portalmovil.com.ar\/index.php\/wp-json\/wp\/v2\/posts"}],"about":[{"href":"https:\/\/portalmovil.com.ar\/index.php\/wp-json\/wp\/v2\/types\/post"}],"author":[{"embeddable":true,"href":"https:\/\/portalmovil.com.ar\/index.php\/wp-json\/wp\/v2\/users\/2"}],"replies":[{"embeddable":true,"href":"https:\/\/portalmovil.com.ar\/index.php\/wp-json\/wp\/v2\/comments?post=48172"}],"version-history":[{"count":1,"href":"https:\/\/portalmovil.com.ar\/index.php\/wp-json\/wp\/v2\/posts\/48172\/revisions"}],"predecessor-version":[{"id":48174,"href":"https:\/\/portalmovil.com.ar\/index.php\/wp-json\/wp\/v2\/posts\/48172\/revisions\/48174"}],"wp:featuredmedia":[{"embeddable":true,"href":"https:\/\/portalmovil.com.ar\/index.php\/wp-json\/wp\/v2\/media\/48173"}],"wp:attachment":[{"href":"https:\/\/portalmovil.com.ar\/index.php\/wp-json\/wp\/v2\/media?parent=48172"}],"wp:term":[{"taxonomy":"category","embeddable":true,"href":"https:\/\/portalmovil.com.ar\/index.php\/wp-json\/wp\/v2\/categories?post=48172"},{"taxonomy":"post_tag","embeddable":true,"href":"https:\/\/portalmovil.com.ar\/index.php\/wp-json\/wp\/v2\/tags?post=48172"}],"curies":[{"name":"wp","href":"https:\/\/api.w.org\/{rel}","templated":true}]}}