{"id":48083,"date":"2022-01-08T11:30:52","date_gmt":"2022-01-08T14:30:52","guid":{"rendered":"https:\/\/portalmovil.com.ar\/?p=48083"},"modified":"2022-01-08T11:30:56","modified_gmt":"2022-01-08T14:30:56","slug":"nacion-invertira-1-000-millones-para-que-los-presos-tengan-internet","status":"publish","type":"post","link":"https:\/\/portalmovil.com.ar\/index.php\/2022\/01\/08\/nacion-invertira-1-000-millones-para-que-los-presos-tengan-internet\/","title":{"rendered":"Naci\u00f3n invertir\u00e1 $1.000 millones para que los presos tengan Internet"},"content":{"rendered":"\n<p>El Ente Nacional de Comunicaciones (ENaCom) aprob\u00f3 un programa de 1.000 millones de pesos que dar\u00e1 Internet a las c\u00e1rceles federales. La idea es que los presos puedan participar de audiencias judiciales, capacitarse y tener \u201ccontacto con familiares y allegados a trav\u00e9s de plataformas virtuales\u201d, seg\u00fan fue publicado en la Resoluci\u00f3n 2183\/21 del Bolet\u00edn Oficial.<\/p>\n\n\n\n<p>El dinero provendr\u00e1 del Fondo de Servicio Universal (FSU), previsto en la Ley N\u00b0 27.078, que busca fomentar la conectividad de escuelas y hospitales de zonas vulnerables, con una inversi\u00f3n de $8000 millones anuales.<\/p>\n\n\n\n<p>La iniciativa para que el plan se extienda a las prisiones que alojan a los principales capos de la droga, secuestradores, delincuentes ligados a la trata de persona y pol\u00edticos con causas de corrupci\u00f3n fue impulsada por la interventora del Servicio Penitenciario Federal (SPF), Mar\u00eda Laura Garrig\u00f3s de R\u00e9bori.<\/p>\n\n\n\n<p>El plan fue aprobado por la mayor\u00eda oficialista del ENaCom. Solo dos directores se opusieron: Silvina Giudici y Jos\u00e9 Corral.<\/p>\n\n\n\n<h2 class=\"wp-block-heading\"><strong>\u00bfQu\u00e9 falta para que las c\u00e1rceles tengan Internet?<\/strong><\/h2>\n\n\n\n<p>El programa aprobado ya fue creado, pero para poder contar con los fondos del Estado cada penal debe presentar un proyecto que detalle caracter\u00edsticas t\u00e9cnicas y objetivos de la conectividad. Es decir, qu\u00e9 sector del penal se habilitar\u00e1 para wifi.<\/p>\n\n\n\n<h2 class=\"wp-block-heading\"><strong>Uruguay busca impulsar empleos remunerados para presos<\/strong><\/h2>\n\n\n\n<p>El gobierno de Uruguay est\u00e1 trabajando en \u00abel armado jur\u00eddico y la reglamentaci\u00f3n\u00bb de un programa destinado a fomentar el empleo remunerado y los emprendimientos particulares entre los presos en su sistema penitenciario, revel\u00f3 este domingo la prensa local.<\/p>\n\n\n\n<p>Se trata del Plan de Dignidad Laboral para Personas Privadas de Libertad, que es elaborado en el Ministerio del Interior y que el ejecutivo de Luis Lacalle Pou aspira a implementar a partir del 1 de enero pr\u00f3ximo, seg\u00fan el diario montevideano El Observador.<\/p>\n\n\n\n<p>El proyecto \u00abplantea en forma directa la creaci\u00f3n de empleo\u00bb para los reclusos \u00aba trav\u00e9s del fomento al trabajo en emprendimientos particulares dentro de las propias unidades penitenciarias\u00bb, afirm\u00f3 el director de Convivencia y Seguridad Ciudadana del Ministerio del Interior, Santiago Gonz\u00e1lez.<\/p>\n\n\n\n<p>La iniciativa procura establecer \u00abuna serie de condiciones que les permitir\u00e1n vender los productos y servicios que generen, a trav\u00e9s de iniciativas personales o integradas por hasta cinco personas, todas en situaci\u00f3n de reclusi\u00f3n\u00bb, a\u00f1adi\u00f3.<\/p>\n\n\n\n<p>La \u00abpremisa central\u00bb del proyecto es \u00abque los reclusos puedan percibir un salario por el trabajo que realicen, que, en la mayor\u00eda de los casos, ser\u00e1 a trav\u00e9s de una suerte de autogesti\u00f3n\u00bb, precis\u00f3 el funcionario.<\/p>\n\n\n\n<p>Para poner en marcha el programa, el Ministerio del Interior financiar\u00e1 la compra de insumos y la publicidad de los productos o servicios en una p\u00e1gina web espec\u00edfica, seg\u00fan Gonz\u00e1lez.<\/p>\n\n\n\n<p>Asimismo, las autoridades procuran que, a trav\u00e9s de este mecanismo, los reclusos puedan aportar al sistema previsional y de seguridad social como si fueran trabajadores aut\u00f3nomos, sin relaci\u00f3n de dependencia.<\/p>\n","protected":false},"excerpt":{"rendered":"<p>El Ente Nacional de Comunicaciones (ENaCom) aprob\u00f3 un programa de 1.000 millones de pesos que dar\u00e1 Internet a las c\u00e1rceles federales. La idea es que los presos puedan participar de audiencias judiciales, capacitarse y tener \u201ccontacto con familiares y allegados a trav\u00e9s de plataformas virtuales\u201d, seg\u00fan fue publicado en la Resoluci\u00f3n 2183\/21 del Bolet\u00edn Oficial. &hellip;<\/p>\n","protected":false},"author":2,"featured_media":48084,"comment_status":"open","ping_status":"open","sticky":false,"template":"","format":"standard","meta":{"_jetpack_memberships_contains_paid_content":false,"footnotes":"","jetpack_publicize_message":"","jetpack_publicize_feature_enabled":true,"jetpack_social_post_already_shared":true,"jetpack_social_options":{"image_generator_settings":{"template":"highway","default_image_id":0,"font":"","enabled":false},"version":2}},"categories":[639,14],"tags":[],"class_list":["post-48083","post","type-post","status-publish","format-standard","has-post-thumbnail","hentry","category-argentina","category-politica"],"jetpack_publicize_connections":[],"jetpack_featured_media_url":"https:\/\/portalmovil.com.ar\/wp-content\/uploads\/2022\/01\/100157.jpg_gde-800x445-1-800x445-1.jpg","jetpack_sharing_enabled":true,"amp_enabled":true,"_links":{"self":[{"href":"https:\/\/portalmovil.com.ar\/index.php\/wp-json\/wp\/v2\/posts\/48083","targetHints":{"allow":["GET"]}}],"collection":[{"href":"https:\/\/portalmovil.com.ar\/index.php\/wp-json\/wp\/v2\/posts"}],"about":[{"href":"https:\/\/portalmovil.com.ar\/index.php\/wp-json\/wp\/v2\/types\/post"}],"author":[{"embeddable":true,"href":"https:\/\/portalmovil.com.ar\/index.php\/wp-json\/wp\/v2\/users\/2"}],"replies":[{"embeddable":true,"href":"https:\/\/portalmovil.com.ar\/index.php\/wp-json\/wp\/v2\/comments?post=48083"}],"version-history":[{"count":1,"href":"https:\/\/portalmovil.com.ar\/index.php\/wp-json\/wp\/v2\/posts\/48083\/revisions"}],"predecessor-version":[{"id":48085,"href":"https:\/\/portalmovil.com.ar\/index.php\/wp-json\/wp\/v2\/posts\/48083\/revisions\/48085"}],"wp:featuredmedia":[{"embeddable":true,"href":"https:\/\/portalmovil.com.ar\/index.php\/wp-json\/wp\/v2\/media\/48084"}],"wp:attachment":[{"href":"https:\/\/portalmovil.com.ar\/index.php\/wp-json\/wp\/v2\/media?parent=48083"}],"wp:term":[{"taxonomy":"category","embeddable":true,"href":"https:\/\/portalmovil.com.ar\/index.php\/wp-json\/wp\/v2\/categories?post=48083"},{"taxonomy":"post_tag","embeddable":true,"href":"https:\/\/portalmovil.com.ar\/index.php\/wp-json\/wp\/v2\/tags?post=48083"}],"curies":[{"name":"wp","href":"https:\/\/api.w.org\/{rel}","templated":true}]}}