{"id":47836,"date":"2022-01-04T16:57:19","date_gmt":"2022-01-04T19:57:19","guid":{"rendered":"https:\/\/portalmovil.com.ar\/?p=47836"},"modified":"2022-01-04T16:58:32","modified_gmt":"2022-01-04T19:58:32","slug":"el-avion-de-la-gobernacion-del-chaco-volo-desde-ecuador-a-mexico","status":"publish","type":"post","link":"https:\/\/portalmovil.com.ar\/index.php\/2022\/01\/04\/el-avion-de-la-gobernacion-del-chaco-volo-desde-ecuador-a-mexico\/","title":{"rendered":"El avi\u00f3n de la gobernaci\u00f3n del Chaco vol\u00f3 desde Ecuador a M\u00e9xico"},"content":{"rendered":"\n<p>El avi\u00f3n oficial del gobierno del Chaco, Lear Jeat 60 matr\u00edcula LV-CIO, vuelve a ser noticia como ocurri\u00f3 en la segunda gesti\u00f3n de gobierno de Jorge Capitanich, cuando se fue de vacaciones con sus hijas al Caribe en 2012, lo que tambi\u00e9n gener\u00f3 un gran esc\u00e1ndalo. Capitanich tambi\u00e9n hizo viajes a Punta del Este, R\u00edo de Janeiro y el aeropuerto de Santa Cruz de la Sierra, en Bolivia el 6 de octubre de 2016.<\/p>\n\n\n\n<p><em>Infoqom<\/em> pudo comprobar que la aeronave del gobierno provincial realiz\u00f3 un vuelo el martes 6 de julio de 2021 desde Tuxtla, M\u00e9xico habiendo despegado a las 9:35 y aterrizado en Los R\u00edos, Ecuador a las 1:55 PM, seg\u00fan el registro de la p\u00e1gina flightaware.com, especializada en registros de vuelos en todo el mundo. Pero el gobernador del Chaco, se encontraba en la Argentina y no fue informado p\u00fablicamente que alg\u00fan ministro u otra autoridad de la provincia realiz\u00f3 gestiones oficiales en Ecuador y M\u00e9xico, por lo que surge la pregunta: \u00bfqui\u00e9n utiliz\u00f3 la aeronave?<\/p>\n\n\n\n<figure class=\"wp-block-image size-large\"><img loading=\"lazy\" decoding=\"async\" width=\"1024\" height=\"534\" src=\"https:\/\/portalmovil.com.ar\/wp-content\/uploads\/2022\/01\/LV_CIO_dos-1024x534.jpg\" alt=\"\" class=\"wp-image-47837\" srcset=\"https:\/\/portalmovil.com.ar\/wp-content\/uploads\/2022\/01\/LV_CIO_dos-1024x534.jpg 1024w, https:\/\/portalmovil.com.ar\/wp-content\/uploads\/2022\/01\/LV_CIO_dos-300x156.jpg 300w, https:\/\/portalmovil.com.ar\/wp-content\/uploads\/2022\/01\/LV_CIO_dos-768x400.jpg 768w, https:\/\/portalmovil.com.ar\/wp-content\/uploads\/2022\/01\/LV_CIO_dos.jpg 1159w\" sizes=\"auto, (max-width: 1024px) 100vw, 1024px\" \/><\/figure>\n\n\n\n<figure class=\"wp-block-image size-large\"><img loading=\"lazy\" decoding=\"async\" width=\"1024\" height=\"476\" src=\"https:\/\/portalmovil.com.ar\/wp-content\/uploads\/2022\/01\/LV_CIO__S-1024x476.jpg\" alt=\"\" class=\"wp-image-47838\" srcset=\"https:\/\/portalmovil.com.ar\/wp-content\/uploads\/2022\/01\/LV_CIO__S-1024x476.jpg 1024w, https:\/\/portalmovil.com.ar\/wp-content\/uploads\/2022\/01\/LV_CIO__S-300x139.jpg 300w, https:\/\/portalmovil.com.ar\/wp-content\/uploads\/2022\/01\/LV_CIO__S-768x357.jpg 768w, https:\/\/portalmovil.com.ar\/wp-content\/uploads\/2022\/01\/LV_CIO__S.jpg 1265w\" sizes=\"auto, (max-width: 1024px) 100vw, 1024px\" \/><\/figure>\n\n\n\n<p><strong>Recordemos que en la misma terminal a\u00e9rea donde detuvieron a L\u00e1zaro B\u00e1ez, fue escenario de un allanamiento dispuesto por la jueza federal de San Mart\u00edn, Alicia Vence, en una causa de drogas. La magistrada hab\u00eda ordenado en aquel entonces, que se registren seis aviones, entre las involucradas en la investigaci\u00f3n estaba la que pertenecen al gobierno del Chaco (11 de octubre de 2016).<\/strong><\/p>\n\n\n\n<p><strong>La investigaci\u00f3n se inici\u00f3 por una causa de tr\u00e1fico de coca\u00edna a Espa\u00f1a, donde fueron detenidos Alejandro Dami\u00e1n Arrighi Carril, un joven que llevaba 50 kilos de clorohidrato de coca\u00edna en el ba\u00fal de su auto y su proveedor, Oscar Luis Morales.<\/strong><\/p>\n\n\n\n<p><strong>Tambi\u00e9n el periodista Hugo Alconada Mon, denunci\u00f3 que funcionarios y empresarios kirchneristas involucrados en supuestos casos de lavado de dinero viajaban en aviones oficiales, incluyendo el de la provincia de Chaco, gobernada entonces por Jorge Capitanich.<\/strong><\/p>\n\n\n\n<p><strong>Volviendo al uso \u201cirregular\u201dde una aeronave costosa y cuyo mantenimiento es tambi\u00e9n muy oneroso, para una de las provincias m\u00e1s pobres de Argentina, adem\u00e1s hay que tener en cuenta que tambi\u00e9n los salarios de los pilotos son muy elevados.<\/strong><\/p>\n\n\n\n<p><strong>\u00bfQui\u00e9n autoriz\u00f3 esos vuelos? \u00bfLa Fiscal\u00eda de Estado fue informada?<\/strong><\/p>\n\n\n\n<figure class=\"wp-block-image is-resized\"><img loading=\"lazy\" decoding=\"async\" src=\"https:\/\/infoqom.com.ar\/images\/noticias\/2022\/04\/LV_CIO_sombra_larga.jpg\" alt=\"\" width=\"1049\" height=\"1399\"\/><\/figure>\n\n\n\n<p><em><strong>Un vuelo m\u00e1s del LV CIO del Chaco, descendiendo funcionarios no identificados. Imagen de flightaware.com<\/strong><\/em><\/p>\n\n\n\n<h4 class=\"wp-block-heading\">Los vuelos no registrados o vuelos fantasmas<\/h4>\n\n\n\n<figure class=\"wp-block-image\"><img decoding=\"async\" src=\"https:\/\/infoqom.com.ar\/images\/noticias\/2022\/04\/Bitacora_aviones_provicnia.jpg\" alt=\"\"\/><\/figure>\n\n\n\n<p><strong>Otro dato no menor es que&nbsp;la bit\u00e1cora de vuelos de la aeronave est\u00e1 sin actualizar informaci\u00f3n en la p\u00e1gina web del gobierno m\u00e1s turbio de la historia del Chaco, porque hasta la gesti\u00f3n de Domingo Peppo, exhibi\u00f3 un portal de transparencia, m\u00e1s all\u00e1 de los esc\u00e1ndalos por corrupci\u00f3n que se produjeron en su gesti\u00f3.n. Pero con esta gesti\u00f3n es casi imposible acceder a informaci\u00f3n oficial de car\u00e1cter p\u00fablico.<\/strong><\/p>\n\n\n\n<p>Fuente: <strong><em>INFOQOM<\/em><\/strong><\/p>\n","protected":false},"excerpt":{"rendered":"<p>El avi\u00f3n oficial del gobierno del Chaco, Lear Jeat 60 matr\u00edcula LV-CIO, vuelve a ser noticia como ocurri\u00f3 en la segunda gesti\u00f3n de gobierno de Jorge Capitanich, cuando se fue de vacaciones con sus hijas al Caribe en 2012, lo que tambi\u00e9n gener\u00f3 un gran esc\u00e1ndalo. Capitanich tambi\u00e9n hizo viajes a Punta del Este, R\u00edo &hellip;<\/p>\n","protected":false},"author":2,"featured_media":47839,"comment_status":"open","ping_status":"open","sticky":false,"template":"","format":"standard","meta":{"_jetpack_memberships_contains_paid_content":false,"footnotes":"","jetpack_publicize_message":"","jetpack_publicize_feature_enabled":true,"jetpack_social_post_already_shared":true,"jetpack_social_options":{"image_generator_settings":{"template":"highway","default_image_id":0,"font":"","enabled":false},"version":2}},"categories":[5,14],"tags":[],"class_list":["post-47836","post","type-post","status-publish","format-standard","has-post-thumbnail","hentry","category-chaco","category-politica"],"jetpack_publicize_connections":[],"jetpack_featured_media_url":"https:\/\/portalmovil.com.ar\/wp-content\/uploads\/2022\/01\/9942104d-70dc-434a-98c1-ab6fb686ae34.jpg","jetpack_sharing_enabled":true,"amp_enabled":true,"_links":{"self":[{"href":"https:\/\/portalmovil.com.ar\/index.php\/wp-json\/wp\/v2\/posts\/47836","targetHints":{"allow":["GET"]}}],"collection":[{"href":"https:\/\/portalmovil.com.ar\/index.php\/wp-json\/wp\/v2\/posts"}],"about":[{"href":"https:\/\/portalmovil.com.ar\/index.php\/wp-json\/wp\/v2\/types\/post"}],"author":[{"embeddable":true,"href":"https:\/\/portalmovil.com.ar\/index.php\/wp-json\/wp\/v2\/users\/2"}],"replies":[{"embeddable":true,"href":"https:\/\/portalmovil.com.ar\/index.php\/wp-json\/wp\/v2\/comments?post=47836"}],"version-history":[{"count":2,"href":"https:\/\/portalmovil.com.ar\/index.php\/wp-json\/wp\/v2\/posts\/47836\/revisions"}],"predecessor-version":[{"id":47841,"href":"https:\/\/portalmovil.com.ar\/index.php\/wp-json\/wp\/v2\/posts\/47836\/revisions\/47841"}],"wp:featuredmedia":[{"embeddable":true,"href":"https:\/\/portalmovil.com.ar\/index.php\/wp-json\/wp\/v2\/media\/47839"}],"wp:attachment":[{"href":"https:\/\/portalmovil.com.ar\/index.php\/wp-json\/wp\/v2\/media?parent=47836"}],"wp:term":[{"taxonomy":"category","embeddable":true,"href":"https:\/\/portalmovil.com.ar\/index.php\/wp-json\/wp\/v2\/categories?post=47836"},{"taxonomy":"post_tag","embeddable":true,"href":"https:\/\/portalmovil.com.ar\/index.php\/wp-json\/wp\/v2\/tags?post=47836"}],"curies":[{"name":"wp","href":"https:\/\/api.w.org\/{rel}","templated":true}]}}