{"id":47589,"date":"2021-12-30T18:50:49","date_gmt":"2021-12-30T21:50:49","guid":{"rendered":"https:\/\/portalmovil.com.ar\/?p=47589"},"modified":"2021-12-30T22:42:08","modified_gmt":"2021-12-31T01:42:08","slug":"un-hombre-quedo-detenido-por-violar-a-su-hijastra-de-14-anos-en-fontana","status":"publish","type":"post","link":"https:\/\/portalmovil.com.ar\/index.php\/2021\/12\/30\/un-hombre-quedo-detenido-por-violar-a-su-hijastra-de-14-anos-en-fontana\/","title":{"rendered":"Un hombre qued\u00f3 detenido por violar a su hijastra de 14 a\u00f1os en Fontana"},"content":{"rendered":"\n<p>Un hombre de 37 a\u00f1os fue detenido acusado de abusar sexualmente de su hijastra desde los 8 a\u00f1os.<\/p>\n\n\n\n<p>La damnificada, de 14 a\u00f1os, cont\u00f3 que la abusaba desde los 8 a\u00f1os, y hace dos a\u00f1os comenz\u00f3 a existir acceso carnal desde su propia habitaci\u00f3n. <\/p>\n\n\n\n<p>La denunciante &nbsp;tom\u00f3 valent\u00eda y acudi\u00f3 con una amiga a la comisar\u00eda Tercera de Fontana, para poner detr\u00e1s de las rejas a su padrastro, el mismo abuso sexualmente en reiteradas oportunidades.<\/p>\n\n\n\n<p>Seg\u00fan informaron fuentes policiales,<strong>&nbsp;los hechos habr\u00edan ocurrido en la casa donde vive la v\u00edctima con su madre, en el barrio 506 Viviendas de Fontana, y la denuncia fue hecha este jueves por la menor, con la asistencia de una amiga<\/strong>.<\/p>\n\n\n\n<p>En su relato,<strong>&nbsp;la adolescente afirm\u00f3 que su padrastro, de 37 a\u00f1os, pareja de su madre, de 33, abusa de ella desde hace ocho a\u00f1os, con manoseos, y que hace dos a\u00f1os a\u00f1os comenz\u00f3 a ser abusos con penetraci\u00f3n.<\/strong>&nbsp;<\/p>\n\n\n\n<p>Adem\u00e1s, agreg\u00f3 que esos episodios ocurr\u00edan&nbsp;<strong>siempre en su dormitorio<\/strong>, en la casa en la que tambi\u00e9n vive su madre, en el barrio 506 Viviendas.<\/p>\n\n\n\n<p>La v\u00edctima cont\u00f3 que&nbsp;<strong>hace dos meses, sus familiares supieron lo que ocurr\u00eda, pero que su madre tom\u00f3 como&nbsp; \u00fanica medida separarse de ese hombre.<\/strong><\/p>\n\n\n\n<p>Sin embargo,&nbsp;<strong>hace unas semanas, su madre decidi\u00f3 perdonarlo y le permiti\u00f3 que volviera a su casa<\/strong>.&nbsp;<\/p>\n\n\n\n<p>La menor de 14 a\u00f1os relat\u00f3 que en<strong>&nbsp;la madrugada de este jueves, volvi\u00f3 a ser violada por la pareja de su madre. Ella estaba durmiendo en su habitaci\u00f3n, cuando el abusador ingres\u00f3 alcoholizado y abus\u00f3 sexualmente de ella, con penetraci\u00f3n.<\/strong><\/p>\n\n\n\n<h3 class=\"wp-block-heading\">LA<strong> AYUDA DE LA AMIGA PARA DENUNCIAR<\/strong><\/h3>\n\n\n\n<p>Ante este nuevo episodio de violaci\u00f3n, la joven decidi\u00f3 acudir a una amiga, quien la convenci\u00f3 de denunciar los hechos ante la Polic\u00eda.<\/p>\n\n\n\n<p>Tras la denuncia policial, la fiscal en turno Ana Gonz\u00e1lez Pacce dispuso la intervenci\u00f3n de la&nbsp;Subsecretar\u00eda de Ni\u00f1ez, Adolescencia y Familia, para que la menor sea trasladada a la M\u00e9dico Forense del Poder Judicial para que sea examinada.<\/p>\n\n\n\n<p>Adem\u00e1s, se procedi\u00f3 al secuestro de las prendas de vestir de la menor, para que sean remitidas al Instituto M\u00e9dico de Ciencias Forenses (IMCiF).<\/p>\n\n\n\n<p>Finalmente, el acuso fue aprehendido por supuesto abuso sexual con acceso carnal.<\/p>\n","protected":false},"excerpt":{"rendered":"<p>Un hombre de 37 a\u00f1os fue detenido acusado de abusar sexualmente de su hijastra desde los 8 a\u00f1os. La damnificada, de 14 a\u00f1os, cont\u00f3 que la abusaba desde los 8 a\u00f1os, y hace dos a\u00f1os comenz\u00f3 a existir acceso carnal desde su propia habitaci\u00f3n. La denunciante &nbsp;tom\u00f3 valent\u00eda y acudi\u00f3 con una amiga a la &hellip;<\/p>\n","protected":false},"author":2,"featured_media":47590,"comment_status":"open","ping_status":"open","sticky":false,"template":"","format":"standard","meta":{"_jetpack_memberships_contains_paid_content":false,"footnotes":"","jetpack_publicize_message":"","jetpack_publicize_feature_enabled":true,"jetpack_social_post_already_shared":true,"jetpack_social_options":{"image_generator_settings":{"template":"highway","default_image_id":0,"font":"","enabled":false},"version":2}},"categories":[5,8],"tags":[],"class_list":["post-47589","post","type-post","status-publish","format-standard","has-post-thumbnail","hentry","category-chaco","category-policiales"],"jetpack_publicize_connections":[],"jetpack_featured_media_url":"https:\/\/portalmovil.com.ar\/wp-content\/uploads\/2021\/12\/f8c9ff07-565f-4473-b588-55d18aff42db.jpg","jetpack_sharing_enabled":true,"amp_enabled":true,"_links":{"self":[{"href":"https:\/\/portalmovil.com.ar\/index.php\/wp-json\/wp\/v2\/posts\/47589","targetHints":{"allow":["GET"]}}],"collection":[{"href":"https:\/\/portalmovil.com.ar\/index.php\/wp-json\/wp\/v2\/posts"}],"about":[{"href":"https:\/\/portalmovil.com.ar\/index.php\/wp-json\/wp\/v2\/types\/post"}],"author":[{"embeddable":true,"href":"https:\/\/portalmovil.com.ar\/index.php\/wp-json\/wp\/v2\/users\/2"}],"replies":[{"embeddable":true,"href":"https:\/\/portalmovil.com.ar\/index.php\/wp-json\/wp\/v2\/comments?post=47589"}],"version-history":[{"count":6,"href":"https:\/\/portalmovil.com.ar\/index.php\/wp-json\/wp\/v2\/posts\/47589\/revisions"}],"predecessor-version":[{"id":47606,"href":"https:\/\/portalmovil.com.ar\/index.php\/wp-json\/wp\/v2\/posts\/47589\/revisions\/47606"}],"wp:featuredmedia":[{"embeddable":true,"href":"https:\/\/portalmovil.com.ar\/index.php\/wp-json\/wp\/v2\/media\/47590"}],"wp:attachment":[{"href":"https:\/\/portalmovil.com.ar\/index.php\/wp-json\/wp\/v2\/media?parent=47589"}],"wp:term":[{"taxonomy":"category","embeddable":true,"href":"https:\/\/portalmovil.com.ar\/index.php\/wp-json\/wp\/v2\/categories?post=47589"},{"taxonomy":"post_tag","embeddable":true,"href":"https:\/\/portalmovil.com.ar\/index.php\/wp-json\/wp\/v2\/tags?post=47589"}],"curies":[{"name":"wp","href":"https:\/\/api.w.org\/{rel}","templated":true}]}}