{"id":47483,"date":"2021-12-29T17:29:18","date_gmt":"2021-12-29T20:29:18","guid":{"rendered":"https:\/\/portalmovil.com.ar\/?p=47483"},"modified":"2021-12-29T17:29:21","modified_gmt":"2021-12-29T20:29:21","slug":"cuidado-satiro-suelto-en-resistencia-tiene-denuncia-por-amenaza-de-muerte-a-una-mujer","status":"publish","type":"post","link":"https:\/\/portalmovil.com.ar\/index.php\/2021\/12\/29\/cuidado-satiro-suelto-en-resistencia-tiene-denuncia-por-amenaza-de-muerte-a-una-mujer\/","title":{"rendered":"Cuidado \u00abs\u00e1tiro\u00bb suelto en Resistencia: tiene denuncia por amenaza de muerte a una mujer"},"content":{"rendered":"\n<p>Tras hacerse p\u00fablicas las im\u00e1genes y los datos del se\u00f1or Franco Cossio, tras el exabrupto abusivo y violento que tuvo con una mujer en la v\u00eda p\u00fablica, varios llamados de otras mujeres lo expusieron como autor de numerosos actos de acoso, abuso y violencia. Incluso, hubo un caso en particular que llam\u00f3 la atenci\u00f3n por la inacci\u00f3n policial y judicial. En la nota, todos los detalles.<\/p>\n\n\n\n<p>Uno de los tantos testimonios que llegaron a esta redacci\u00f3n, trata sobre el caso de una mujer, soltera y madre de una menor de 4 a\u00f1os quien hace menos de un mes denunci\u00f3 al se\u00f1or Franco Cossio por agresiones en su domicilio y amenaza de muerte.<\/p>\n\n\n\n<p>En la denuncia, realizada en la Divisi\u00f3n Violencia Familiar y de G\u00e9nero Metropolitana, &nbsp;consta exactamente las palabras utilizadas por Cossio para referirse a la mujer denunciante: \u00abMe dijo que cuando me cruzara por la v\u00eda p\u00fablica me va a meter un tiro y no le va a importar dejar a una nena sin su madre\u00bb.<\/p>\n\n\n\n<p>Estas palabras fueron propinadas por Franco cuando la mujer pidi\u00f3 la presencia policial en su domicilio, luego de ser agredida por un grupo de vecinos, donde se encontraba el denunciado. \u00abDaba patadas en mi port\u00f3n, dej\u00e1ndolo con abolladuras\u00bb, se\u00f1al\u00f3 la mujer, quien reiter\u00f3 la inacci\u00f3n policial. \u00abToda esta situaci\u00f3n se produjo delante de dos polic\u00edas, que no hicieron nada\u00bb, se describe en la denuncia.<\/p>\n\n\n\n<p>La mujer lleva dos a\u00f1os y medio siendo foco de hostigamiento por un grupo de vecinos, entre los que se encuentra Franco, su pareja y otras personas. De hecho, esta situaci\u00f3n problem\u00e1tica vecinal, a la que no nos referiremos en esta nota, cuenta con 17 denuncias y la intervenci\u00f3n de la Fiscal\u00eda Penal de Investigaciones N\u00ba13. Y aun as\u00ed, al no impartir ninguna orden de restricci\u00f3n, ni acci\u00f3n judicial ni policial para proteger a la denunciante, las agresiones continuaron, llegando a una expresa denuncia por amenaza de muerte propinada por Cossio hacia la mujer.<\/p>\n\n\n\n<p>Hoy, esta vecina decidi\u00f3 visibilizar su angustiosa situaci\u00f3n, tras reconocer a su agresor en las im\u00e1genes difundidas ayer, donde se lo muestra a Cossio d\u00e1ndole un golpe de mano sobre el gl\u00fateo de otra mujer, identificada como Daiana Cabral.<\/p>\n\n\n\n<p>Gracias a la filmaci\u00f3n obtenidas por las c\u00e1maras de seguridad, Daiana indic\u00f3 que \u00abfueron al menos 12 mujeres las que se comunicaron conmigo reconociendo a esta persona como autor de sucesos vividos en la v\u00eda p\u00fablica en los \u00faltimos meses, incluso la zona es la misma\u00bb, cont\u00f3 Daiana a este medio.<\/p>\n\n\n\n<p>Sin dudas, estamos frente a un agresor de reiterada conducta abusiva, donde la comunidad est\u00e1 alerta a las medidas que se tomar\u00e1n frente a este hecho, y a los hechos ya denunciados que tienen como factor com\u00fan el mismo nombre y apellido.<\/p>\n\n\n\n<p>FUENTE: <strong><em>DIARIO NORTE<\/em><\/strong> <\/p>\n","protected":false},"excerpt":{"rendered":"<p>Tras hacerse p\u00fablicas las im\u00e1genes y los datos del se\u00f1or Franco Cossio, tras el exabrupto abusivo y violento que tuvo con una mujer en la v\u00eda p\u00fablica, varios llamados de otras mujeres lo expusieron como autor de numerosos actos de acoso, abuso y violencia. Incluso, hubo un caso en particular que llam\u00f3 la atenci\u00f3n por &hellip;<\/p>\n","protected":false},"author":2,"featured_media":47484,"comment_status":"open","ping_status":"open","sticky":false,"template":"","format":"standard","meta":{"_jetpack_memberships_contains_paid_content":false,"footnotes":"","jetpack_publicize_message":"","jetpack_publicize_feature_enabled":true,"jetpack_social_post_already_shared":true,"jetpack_social_options":{"image_generator_settings":{"template":"highway","default_image_id":0,"font":"","enabled":false},"version":2}},"categories":[8,37],"tags":[],"class_list":["post-47483","post","type-post","status-publish","format-standard","has-post-thumbnail","hentry","category-policiales","category-resistencia"],"jetpack_publicize_connections":[],"jetpack_featured_media_url":"https:\/\/portalmovil.com.ar\/wp-content\/uploads\/2021\/12\/franco_cossio_132308_132308.jpg","jetpack_sharing_enabled":true,"amp_enabled":true,"_links":{"self":[{"href":"https:\/\/portalmovil.com.ar\/index.php\/wp-json\/wp\/v2\/posts\/47483","targetHints":{"allow":["GET"]}}],"collection":[{"href":"https:\/\/portalmovil.com.ar\/index.php\/wp-json\/wp\/v2\/posts"}],"about":[{"href":"https:\/\/portalmovil.com.ar\/index.php\/wp-json\/wp\/v2\/types\/post"}],"author":[{"embeddable":true,"href":"https:\/\/portalmovil.com.ar\/index.php\/wp-json\/wp\/v2\/users\/2"}],"replies":[{"embeddable":true,"href":"https:\/\/portalmovil.com.ar\/index.php\/wp-json\/wp\/v2\/comments?post=47483"}],"version-history":[{"count":1,"href":"https:\/\/portalmovil.com.ar\/index.php\/wp-json\/wp\/v2\/posts\/47483\/revisions"}],"predecessor-version":[{"id":47485,"href":"https:\/\/portalmovil.com.ar\/index.php\/wp-json\/wp\/v2\/posts\/47483\/revisions\/47485"}],"wp:featuredmedia":[{"embeddable":true,"href":"https:\/\/portalmovil.com.ar\/index.php\/wp-json\/wp\/v2\/media\/47484"}],"wp:attachment":[{"href":"https:\/\/portalmovil.com.ar\/index.php\/wp-json\/wp\/v2\/media?parent=47483"}],"wp:term":[{"taxonomy":"category","embeddable":true,"href":"https:\/\/portalmovil.com.ar\/index.php\/wp-json\/wp\/v2\/categories?post=47483"},{"taxonomy":"post_tag","embeddable":true,"href":"https:\/\/portalmovil.com.ar\/index.php\/wp-json\/wp\/v2\/tags?post=47483"}],"curies":[{"name":"wp","href":"https:\/\/api.w.org\/{rel}","templated":true}]}}