{"id":47295,"date":"2021-12-27T17:37:08","date_gmt":"2021-12-27T20:37:08","guid":{"rendered":"https:\/\/portalmovil.com.ar\/?p=47295"},"modified":"2021-12-27T17:37:10","modified_gmt":"2021-12-27T20:37:10","slug":"argentina-informa-de-20-263-nuevos-casos-y-31-muertes-por-la-covid-19","status":"publish","type":"post","link":"https:\/\/portalmovil.com.ar\/index.php\/2021\/12\/27\/argentina-informa-de-20-263-nuevos-casos-y-31-muertes-por-la-covid-19\/","title":{"rendered":"Argentina informa de 20.263 nuevos casos y 31 muertes por la covid-19"},"content":{"rendered":"\n<p>El porcentaje de ocupaci\u00f3n de camas en Unidades de Terapia Intensiva (UTI) permanece al 34,4% a nivel nacional y al 36,2% en el \u00c1rea Metropolitana de Buenos Aires (AMBA). Adem\u00e1s 92.395 pacientes permanecen como casos activos.<\/p>\n\n\n\n<p>Con estos nuevos n\u00fameros, un total de 5.480.305 personas cursaron la enfermedad, de los cuales 5.270.844 son pacientes recuperados y 92.395 permanecen como casos activos.<\/p>\n\n\n\n<figure class=\"wp-block-image\"><img decoding=\"async\" src=\"https:\/\/images.pagina12.com.ar\/styles\/width960\/public\/2021-12\/300486-reporte-27-12.jpg?itok=DJVLobxA\" alt=\"\"\/><\/figure>\n\n\n\n<p>Adem\u00e1s, se notificaron 31 muertes (17 mujeres, 13 hombres y un caso sin dato de sexo), que suman 117.066 personas fallecidas desde marzo del a\u00f1o pasado hasta la fecha a causa de la COVID-19.<\/p>\n\n\n\n<p>La provincia de Buenos Aires con 6199, C\u00f3rdoba con 5583 casos, la Ciudad de Buenos Aires con 4005 y, Tucum\u00e1n. con 1107, fueron&nbsp;<strong>las jurisdicciones que acumularon m\u00e1s contagios<\/strong>&nbsp;en las \u00faltimas 24 horas.<\/p>\n","protected":false},"excerpt":{"rendered":"<p>El porcentaje de ocupaci\u00f3n de camas en Unidades de Terapia Intensiva (UTI) permanece al 34,4% a nivel nacional y al 36,2% en el \u00c1rea Metropolitana de Buenos Aires (AMBA). Adem\u00e1s 92.395 pacientes permanecen como casos activos. Con estos nuevos n\u00fameros, un total de 5.480.305 personas cursaron la enfermedad, de los cuales 5.270.844 son pacientes recuperados &hellip;<\/p>\n","protected":false},"author":2,"featured_media":37012,"comment_status":"open","ping_status":"open","sticky":false,"template":"","format":"standard","meta":{"_jetpack_memberships_contains_paid_content":false,"footnotes":"","jetpack_publicize_message":"","jetpack_publicize_feature_enabled":true,"jetpack_social_post_already_shared":true,"jetpack_social_options":{"image_generator_settings":{"template":"highway","default_image_id":0,"font":"","enabled":false},"version":2}},"categories":[34,12],"tags":[],"class_list":["post-47295","post","type-post","status-publish","format-standard","has-post-thumbnail","hentry","category-nacional","category-ultimo"],"jetpack_publicize_connections":[],"jetpack_featured_media_url":"https:\/\/portalmovil.com.ar\/wp-content\/uploads\/2021\/08\/Coronavirus-en-chaco-testo-e1623522939861.jpg","jetpack_sharing_enabled":true,"amp_enabled":true,"_links":{"self":[{"href":"https:\/\/portalmovil.com.ar\/index.php\/wp-json\/wp\/v2\/posts\/47295","targetHints":{"allow":["GET"]}}],"collection":[{"href":"https:\/\/portalmovil.com.ar\/index.php\/wp-json\/wp\/v2\/posts"}],"about":[{"href":"https:\/\/portalmovil.com.ar\/index.php\/wp-json\/wp\/v2\/types\/post"}],"author":[{"embeddable":true,"href":"https:\/\/portalmovil.com.ar\/index.php\/wp-json\/wp\/v2\/users\/2"}],"replies":[{"embeddable":true,"href":"https:\/\/portalmovil.com.ar\/index.php\/wp-json\/wp\/v2\/comments?post=47295"}],"version-history":[{"count":1,"href":"https:\/\/portalmovil.com.ar\/index.php\/wp-json\/wp\/v2\/posts\/47295\/revisions"}],"predecessor-version":[{"id":47296,"href":"https:\/\/portalmovil.com.ar\/index.php\/wp-json\/wp\/v2\/posts\/47295\/revisions\/47296"}],"wp:featuredmedia":[{"embeddable":true,"href":"https:\/\/portalmovil.com.ar\/index.php\/wp-json\/wp\/v2\/media\/37012"}],"wp:attachment":[{"href":"https:\/\/portalmovil.com.ar\/index.php\/wp-json\/wp\/v2\/media?parent=47295"}],"wp:term":[{"taxonomy":"category","embeddable":true,"href":"https:\/\/portalmovil.com.ar\/index.php\/wp-json\/wp\/v2\/categories?post=47295"},{"taxonomy":"post_tag","embeddable":true,"href":"https:\/\/portalmovil.com.ar\/index.php\/wp-json\/wp\/v2\/tags?post=47295"}],"curies":[{"name":"wp","href":"https:\/\/api.w.org\/{rel}","templated":true}]}}