{"id":47183,"date":"2021-12-24T22:14:40","date_gmt":"2021-12-25T01:14:40","guid":{"rendered":"https:\/\/portalmovil.com.ar\/?p=47183"},"modified":"2021-12-24T22:14:44","modified_gmt":"2021-12-25T01:14:44","slug":"mensaje-del-gobernador-capitanich-para-estas-fiestas-de-fin-de-ano","status":"publish","type":"post","link":"https:\/\/portalmovil.com.ar\/index.php\/2021\/12\/24\/mensaje-del-gobernador-capitanich-para-estas-fiestas-de-fin-de-ano\/","title":{"rendered":"Mensaje del gobernador Capitanich para estas fiestas de fin de a\u00f1o"},"content":{"rendered":"\n<p>En un mensaje diferente al que habitualmente se realiza para estas fechas, el gobernador Jorge Capitanich, miembros del gabinete provincial y legisladores, dejaron su mensaje al pueblo chaque\u00f1o de cara a las fiestas de fin de a\u00f1o. \u201cEn v\u00edsperas de Noche Buena, Navidad y A\u00f1o Nuevo, como gobernador de la provincia del Chaco quiero manifestar mis mejores deseos para cada una de las familias chaque\u00f1as\u201d, arranca el audio difundido desde el gobierno provincial.<\/p>\n\n\n\n<p>Y concluye: \u201cMis mejores deseos en nombre propio y de toda mi familia, para que el 2022 sea un a\u00f1o pr\u00f3spero, de plenas realizaciones, con nuestros mejores deseos\u201d. \u201cFeliz Noche Buena, feliz Navidad y feliz A\u00f1o Nuevo, para todo el pueblo y la comunidad chaque\u00f1a\u201d, finaliz\u00f3 Capitanich. \u201cUn abrazo lleno de amor y de esperanza para cada chaque\u00f1a y chaque\u00f1o. Muy felices fiestas\u201d, dese\u00f3 la vicegobernadora Anal\u00eda Rach Quiroga.<\/p>\n\n\n\n<p>En la grabaci\u00f3n, se puede escuchar los mejores augurios de felicidad y pr\u00f3spero a\u00f1o nuevo en voz de las y los integrantes del gabinete provincial; como as\u00ed tambi\u00e9n de organismos descentralizados entre los que se destacan el de Osvaldo P\u00e9rez Cuevas (Instituto del Deporte Chaque\u00f1o); Lucas Vel\u00e1zquez (Ecom Chaco SA); Danilo Gualtieri (ATP); Gast\u00f3n Blanquet (Secheep); Daniel Pegoraro (APA) y Hugo Varela (DVP), entre otros.<\/p>\n","protected":false},"excerpt":{"rendered":"<p>En un mensaje diferente al que habitualmente se realiza para estas fechas, el gobernador Jorge Capitanich, miembros del gabinete provincial y legisladores, dejaron su mensaje al pueblo chaque\u00f1o de cara a las fiestas de fin de a\u00f1o. \u201cEn v\u00edsperas de Noche Buena, Navidad y A\u00f1o Nuevo, como gobernador de la provincia del Chaco quiero manifestar &hellip;<\/p>\n","protected":false},"author":2,"featured_media":19877,"comment_status":"open","ping_status":"open","sticky":false,"template":"","format":"standard","meta":{"_jetpack_memberships_contains_paid_content":false,"footnotes":"","jetpack_publicize_message":"","jetpack_publicize_feature_enabled":true,"jetpack_social_post_already_shared":true,"jetpack_social_options":{"image_generator_settings":{"template":"highway","default_image_id":0,"font":"","enabled":false},"version":2}},"categories":[5,12],"tags":[],"class_list":["post-47183","post","type-post","status-publish","format-standard","has-post-thumbnail","hentry","category-chaco","category-ultimo"],"jetpack_publicize_connections":[],"jetpack_featured_media_url":"https:\/\/portalmovil.com.ar\/wp-content\/uploads\/2021\/01\/para-empleados-provinciales-capitanich-presento-un-programa-de-refinanciacion-de-deudas-y-prestamos-personales-2.jpg","jetpack_sharing_enabled":true,"amp_enabled":true,"_links":{"self":[{"href":"https:\/\/portalmovil.com.ar\/index.php\/wp-json\/wp\/v2\/posts\/47183","targetHints":{"allow":["GET"]}}],"collection":[{"href":"https:\/\/portalmovil.com.ar\/index.php\/wp-json\/wp\/v2\/posts"}],"about":[{"href":"https:\/\/portalmovil.com.ar\/index.php\/wp-json\/wp\/v2\/types\/post"}],"author":[{"embeddable":true,"href":"https:\/\/portalmovil.com.ar\/index.php\/wp-json\/wp\/v2\/users\/2"}],"replies":[{"embeddable":true,"href":"https:\/\/portalmovil.com.ar\/index.php\/wp-json\/wp\/v2\/comments?post=47183"}],"version-history":[{"count":1,"href":"https:\/\/portalmovil.com.ar\/index.php\/wp-json\/wp\/v2\/posts\/47183\/revisions"}],"predecessor-version":[{"id":47184,"href":"https:\/\/portalmovil.com.ar\/index.php\/wp-json\/wp\/v2\/posts\/47183\/revisions\/47184"}],"wp:featuredmedia":[{"embeddable":true,"href":"https:\/\/portalmovil.com.ar\/index.php\/wp-json\/wp\/v2\/media\/19877"}],"wp:attachment":[{"href":"https:\/\/portalmovil.com.ar\/index.php\/wp-json\/wp\/v2\/media?parent=47183"}],"wp:term":[{"taxonomy":"category","embeddable":true,"href":"https:\/\/portalmovil.com.ar\/index.php\/wp-json\/wp\/v2\/categories?post=47183"},{"taxonomy":"post_tag","embeddable":true,"href":"https:\/\/portalmovil.com.ar\/index.php\/wp-json\/wp\/v2\/tags?post=47183"}],"curies":[{"name":"wp","href":"https:\/\/api.w.org\/{rel}","templated":true}]}}