{"id":46911,"date":"2021-12-21T14:42:34","date_gmt":"2021-12-21T17:42:34","guid":{"rendered":"https:\/\/portalmovil.com.ar\/?p=46911"},"modified":"2021-12-21T15:53:10","modified_gmt":"2021-12-21T18:53:10","slug":"el-femicida-de-soledad-sotelo-todavia-no-declaro-y-no-tiene-antecedentes-por-violencia-de-genero","status":"publish","type":"post","link":"https:\/\/portalmovil.com.ar\/index.php\/2021\/12\/21\/el-femicida-de-soledad-sotelo-todavia-no-declaro-y-no-tiene-antecedentes-por-violencia-de-genero\/","title":{"rendered":"El femicida de Soledad Sotelo todav\u00eda no declar\u00f3 y no tiene antecedentes por Violencia de G\u00e9nero"},"content":{"rendered":"\n<p>Tras un nuevo femicidio que conmociona a toda la provincia de Chaco, el fiscal de G\u00e9nero a cargo de la investigaci\u00f3n, Jorge C\u00e1ceres Olivera, habl\u00f3 esta ma\u00f1ana con <strong><em>Chaco TV<\/em><\/strong> para brindar precisiones del hecho, al cual calific\u00f3 como \u201cun acto macabro\u201d. \u201cNo tengo palabras para lo que he visto en el d\u00eda de ayer\u201d, grafic\u00f3.<\/p>\n\n\n\n<p>\u201cAyer, hasta altas horas de la noche estuvimos tomando declaraci\u00f3n testimonial, tanto al grupo familiar como al grupo de amigos de ella. Por el momento, y por lo que pudimos corroborar con el sistema inform\u00e1tico, no habr\u00eda denuncias previas ni hechos de agresiones que tome conocimiento el c\u00edrculo \u00edntimo, aunque resta averiguar en juzgados de familia y faltas\u201d, precis\u00f3 el fiscal sobre el prontuario del presunto femicida.<\/p>\n\n\n\n<p>El hecho en cuesti\u00f3n tuvo lugar sobre una vivienda ubicada por calle Mendoza al 800 de Resistencia, y se dio a conocer ayer cerca de las 18:00, cuando el hermano de la v\u00edctima acudi\u00f3 al domicilio tras estar incomunicado con ella desde el d\u00eda domingo, registrando tambi\u00e9n que el lunes se ausent\u00f3 en su trabajo. <\/p>\n\n\n\n<p>Seg\u00fan las precisiones del fiscal, el hombre irrumpi\u00f3 en la vivienda y descubri\u00f3 a la joven fallecida en la habitaci\u00f3n, mientras que su pareja yac\u00eda en el ba\u00f1o con varias heridas, las cuales, seg\u00fan precis\u00f3 la Polic\u00eda, se encontraban en los brazos y el cuello.<\/p>\n\n\n\n<p>Respecto de las primeras declaraciones, el fiscal agreg\u00f3 que fue un hecho que \u201csorprendi\u00f3\u201d al c\u00edrculo cercano: \u201cEra una pareja reci\u00e9n constituida por lo que pudieron aportar los testigos. Hac\u00eda poco m\u00e1s de un mes que estaban conviviendo, y no hay, por lo menos del grupo de amigos que sol\u00edan frecuentar, una situaci\u00f3n que amerite una sospecha o alguna situaci\u00f3n que haga ver que ella estaba en marco de una relaci\u00f3n violenta\u201d, explic\u00f3.<\/p>\n\n\n\n<p>La situaci\u00f3n judicial del sospechoso a\u00fan se encuentra en tr\u00e1mite, ya que por las lesiones debi\u00f3 ser trasladado al hospital Perrando, donde permanece internado sin dar declaraci\u00f3n ante la Justicia. \u201cAyer le estaban por dar el alta e iba a ser conducido a la comisar\u00eda de Investigaciones para ordenar su detenci\u00f3n, se complic\u00f3 su situaci\u00f3n de salud y se qued\u00f3 en el hospital\u201d, detall\u00f3 el fiscal, no obstante, explic\u00f3 que \u201cestamos liberando las primeras diligencias. Se mand\u00f3 al bioqu\u00edmico del Poder Judicial para sacar los resultados toxicol\u00f3gicos y saber si estaba bajo los efectos de alguna sustancia que haya interferido al momento de realizar este acto tan macabro\u201d.<\/p>\n","protected":false},"excerpt":{"rendered":"<p>Tras un nuevo femicidio que conmociona a toda la provincia de Chaco, el fiscal de G\u00e9nero a cargo de la investigaci\u00f3n, Jorge C\u00e1ceres Olivera, habl\u00f3 esta ma\u00f1ana con Chaco TV para brindar precisiones del hecho, al cual calific\u00f3 como \u201cun acto macabro\u201d. \u201cNo tengo palabras para lo que he visto en el d\u00eda de ayer\u201d, &hellip;<\/p>\n","protected":false},"author":2,"featured_media":46917,"comment_status":"open","ping_status":"open","sticky":false,"template":"","format":"standard","meta":{"_jetpack_memberships_contains_paid_content":false,"footnotes":"","jetpack_publicize_message":"","jetpack_publicize_feature_enabled":true,"jetpack_social_post_already_shared":true,"jetpack_social_options":{"image_generator_settings":{"template":"highway","default_image_id":0,"font":"","enabled":false},"version":2}},"categories":[50,37],"tags":[],"class_list":["post-46911","post","type-post","status-publish","format-standard","has-post-thumbnail","hentry","category-judiciales","category-resistencia"],"jetpack_publicize_connections":[],"jetpack_featured_media_url":"https:\/\/portalmovil.com.ar\/wp-content\/uploads\/2021\/12\/29c97ca6-f059-4549-b1c5-5b261b4f513a.jpg","jetpack_sharing_enabled":true,"amp_enabled":true,"_links":{"self":[{"href":"https:\/\/portalmovil.com.ar\/index.php\/wp-json\/wp\/v2\/posts\/46911","targetHints":{"allow":["GET"]}}],"collection":[{"href":"https:\/\/portalmovil.com.ar\/index.php\/wp-json\/wp\/v2\/posts"}],"about":[{"href":"https:\/\/portalmovil.com.ar\/index.php\/wp-json\/wp\/v2\/types\/post"}],"author":[{"embeddable":true,"href":"https:\/\/portalmovil.com.ar\/index.php\/wp-json\/wp\/v2\/users\/2"}],"replies":[{"embeddable":true,"href":"https:\/\/portalmovil.com.ar\/index.php\/wp-json\/wp\/v2\/comments?post=46911"}],"version-history":[{"count":1,"href":"https:\/\/portalmovil.com.ar\/index.php\/wp-json\/wp\/v2\/posts\/46911\/revisions"}],"predecessor-version":[{"id":46913,"href":"https:\/\/portalmovil.com.ar\/index.php\/wp-json\/wp\/v2\/posts\/46911\/revisions\/46913"}],"wp:featuredmedia":[{"embeddable":true,"href":"https:\/\/portalmovil.com.ar\/index.php\/wp-json\/wp\/v2\/media\/46917"}],"wp:attachment":[{"href":"https:\/\/portalmovil.com.ar\/index.php\/wp-json\/wp\/v2\/media?parent=46911"}],"wp:term":[{"taxonomy":"category","embeddable":true,"href":"https:\/\/portalmovil.com.ar\/index.php\/wp-json\/wp\/v2\/categories?post=46911"},{"taxonomy":"post_tag","embeddable":true,"href":"https:\/\/portalmovil.com.ar\/index.php\/wp-json\/wp\/v2\/tags?post=46911"}],"curies":[{"name":"wp","href":"https:\/\/api.w.org\/{rel}","templated":true}]}}