{"id":46902,"date":"2021-12-21T13:06:05","date_gmt":"2021-12-21T16:06:05","guid":{"rendered":"https:\/\/portalmovil.com.ar\/?p=46902"},"modified":"2021-12-21T13:06:09","modified_gmt":"2021-12-21T16:06:09","slug":"gran-cierre-de-ano-en-la-universidad-de-oficios-de-barranqueras","status":"publish","type":"post","link":"https:\/\/portalmovil.com.ar\/index.php\/2021\/12\/21\/gran-cierre-de-ano-en-la-universidad-de-oficios-de-barranqueras\/","title":{"rendered":"Gran cierre de a\u00f1o en la Universidad de Oficios de Barranqueras"},"content":{"rendered":"\n<p>Con enorme alegr\u00eda y emoci\u00f3n se concluy\u00f3 las primeras capacitaciones que se han desarrollado durante el 2021 en la Universidad de Oficios de nuestra ciudad. La intendente Magda Ayala particip\u00f3 de la entrega de certificados que dieron cierre a un a\u00f1o de grandes logros.<\/p>\n\n\n\n<p>\u201cHoy celebramos junto a los 30 alumnos que han concluido esta etapa de aprendizaje. Para poder desarrollar las capacitaciones nosotros salimos a hacer un relevamiento de las necesidades de la ciudad, y en base a eso trabajamos fuertemente para poder realizar estos cursos en forma articulada con el Ministerio de Educaci\u00f3n\u201d, expres\u00f3 Ayala y continu\u00f3: \u201cEste espacio nos permiti\u00f3 brindar herramientas a nuestros vecinos para que concluido los cursos, ellos puedan acceder r\u00e1pidamente a una oportunidad en el mercado laboral por ejemplo, en el caso de las instalaciones sanitarias, teniendo presente que estamos trabajando en el sistema cloacal en la zona de Las Malvinas. Por lo mismo, varios alumnos van a tener garantizado poder ir a trabajar junto a la empresa que est\u00e1 llevando adelante esta importante intervenci\u00f3n\u201d.<\/p>\n\n\n\n<p>De modo que, la Universidad de Oficios se crea bajo la necesidad de fortalecer la capacitaci\u00f3n especializada y gratuita para potenciar la oferta laboral ante las demandas de la ciudad. As\u00ed, proyectar una salida laboral y, contribuir a una mejor calidad de vida. Las ofertas acad\u00e9micas fueron seleccionadas luego de entrevistas con comerciantes, escuelas t\u00e9cnicas y parques industriales para poder tener un contexto real y concreto.<\/p>\n\n\n\n<p>Actualmente, la Universidad funciona en el espacio ubicado en Algarrobo 1150, donde desde el mes de junio del 2021 se brind\u00f3 una formaci\u00f3n integral, a trav\u00e9s de los siguientes cursos: montador en instalaciones domiciliarias sanitarias, operador en planificaci\u00f3n log\u00edstica y distribuci\u00f3n, piscicultor, operador en cultivo hidrop\u00f3nico y operador en gesti\u00f3n de residuos y reciclaje. Los cuales se llevaron adelante a trav\u00e9s de clases pr\u00e1cticas y te\u00f3ricas, finalizando con un proyecto socio-comunitario.<\/p>\n\n\n\n<p>\u201cLos alumnos estuvieron muy satisfechos, cada uno de ellos cuando explican su experiencia no solamente se habla de una responsabilidad sino de mucho amor que le han puesto para poder finalizar con todo el esfuerzo que esto implica, y esto nos enorgullece un mont\u00f3n\u201d, finaliz\u00f3 la jefa comunal.<\/p>\n\n\n\n<p>Acompa\u00f1aron este momento, la Directora de Regional XC Gricelda Quiles, el Director de Educaci\u00f3n T\u00e9cnica del MECyT Gerometta Claudio, el diputado provincial Juan Carlos Ayala, el secretario Coordinador de Gabinete Rodrigo Ayala Pared, la secretaria de Gobierno Paola Latyn, el secretario de Hacienda y Administraci\u00f3n Juan Zacar\u00edas, la secretaria de Obras y Servicios P\u00fablicos Yolanda Marinoff, la coordinadora de Educaci\u00f3n Laura Zacar\u00edas, alumnos y familiares.<\/p>\n","protected":false},"excerpt":{"rendered":"<p>Con enorme alegr\u00eda y emoci\u00f3n se concluy\u00f3 las primeras capacitaciones que se han desarrollado durante el 2021 en la Universidad de Oficios de nuestra ciudad. La intendente Magda Ayala particip\u00f3 de la entrega de certificados que dieron cierre a un a\u00f1o de grandes logros. \u201cHoy celebramos junto a los 30 alumnos que han concluido esta &hellip;<\/p>\n","protected":false},"author":2,"featured_media":46903,"comment_status":"open","ping_status":"open","sticky":false,"template":"","format":"standard","meta":{"_jetpack_memberships_contains_paid_content":false,"footnotes":"","jetpack_publicize_message":"","jetpack_publicize_feature_enabled":true,"jetpack_social_post_already_shared":true,"jetpack_social_options":{"image_generator_settings":{"template":"highway","default_image_id":0,"font":"","enabled":false},"version":2}},"categories":[28,5],"tags":[],"class_list":["post-46902","post","type-post","status-publish","format-standard","has-post-thumbnail","hentry","category-actualidad","category-chaco"],"jetpack_publicize_connections":[],"jetpack_featured_media_url":"https:\/\/portalmovil.com.ar\/wp-content\/uploads\/2021\/12\/fbbe82c0-aaa4-437d-b401-987e91c46ec1.jpg","jetpack_sharing_enabled":true,"amp_enabled":true,"_links":{"self":[{"href":"https:\/\/portalmovil.com.ar\/index.php\/wp-json\/wp\/v2\/posts\/46902","targetHints":{"allow":["GET"]}}],"collection":[{"href":"https:\/\/portalmovil.com.ar\/index.php\/wp-json\/wp\/v2\/posts"}],"about":[{"href":"https:\/\/portalmovil.com.ar\/index.php\/wp-json\/wp\/v2\/types\/post"}],"author":[{"embeddable":true,"href":"https:\/\/portalmovil.com.ar\/index.php\/wp-json\/wp\/v2\/users\/2"}],"replies":[{"embeddable":true,"href":"https:\/\/portalmovil.com.ar\/index.php\/wp-json\/wp\/v2\/comments?post=46902"}],"version-history":[{"count":1,"href":"https:\/\/portalmovil.com.ar\/index.php\/wp-json\/wp\/v2\/posts\/46902\/revisions"}],"predecessor-version":[{"id":46904,"href":"https:\/\/portalmovil.com.ar\/index.php\/wp-json\/wp\/v2\/posts\/46902\/revisions\/46904"}],"wp:featuredmedia":[{"embeddable":true,"href":"https:\/\/portalmovil.com.ar\/index.php\/wp-json\/wp\/v2\/media\/46903"}],"wp:attachment":[{"href":"https:\/\/portalmovil.com.ar\/index.php\/wp-json\/wp\/v2\/media?parent=46902"}],"wp:term":[{"taxonomy":"category","embeddable":true,"href":"https:\/\/portalmovil.com.ar\/index.php\/wp-json\/wp\/v2\/categories?post=46902"},{"taxonomy":"post_tag","embeddable":true,"href":"https:\/\/portalmovil.com.ar\/index.php\/wp-json\/wp\/v2\/tags?post=46902"}],"curies":[{"name":"wp","href":"https:\/\/api.w.org\/{rel}","templated":true}]}}