{"id":46842,"date":"2021-12-20T16:14:09","date_gmt":"2021-12-20T19:14:09","guid":{"rendered":"https:\/\/portalmovil.com.ar\/?p=46842"},"modified":"2021-12-20T16:14:11","modified_gmt":"2021-12-20T19:14:11","slug":"ortiz-melgratti-fuimos-la-concejalia-que-mas-trabajo-durante-la-pandemia","status":"publish","type":"post","link":"https:\/\/portalmovil.com.ar\/index.php\/2021\/12\/20\/ortiz-melgratti-fuimos-la-concejalia-que-mas-trabajo-durante-la-pandemia\/","title":{"rendered":"Ortiz Melgratti: \u201cFuimos la Concejal\u00eda que m\u00e1s trabaj\u00f3 durante la pandemia\u201d"},"content":{"rendered":"\n<p>El concejal de Resistencia por la UCR, Dino Ortiz Melgratti, realiz\u00f3 una conferencia de prensa en la Peatonal, d\u00f3nde repaso lo hecho por \u00e9l y su equipo de trabajo en \u00e9stos dos a\u00f1os que lleva en el cargo.<\/p>\n\n\n\n<p>\u201cQuer\u00edamos realizar este encuentro y conferencia de prensa para acercarnos a los vecinos y contarles en primera persona lo que hemos hecho durante estos 2 a\u00f1os en la Concejal\u00eda de Resistencia. Este balance de gesti\u00f3n lo hacemos de cara al vecino donde creemos que se debe presentar y no ser s\u00f3lo un pol\u00edtico m\u00e1s de escritorio, sino seguir caminando y escuchando a cada uno de ellos, trabajando en conjunto como lo vengo haciendo desde el primer d\u00eda en el cargo, los resistencianos y ustedes los medios, son testigos de ello\u201d, expres\u00f3 el edil.<\/p>\n\n\n\n<p><strong>Ortiz Melgratti<\/strong>\u00a0destac\u00f3 que \u201cno hemos dejado de estar al servicio del vecino de Resistencia. A pesar de la pandemia y las restricciones de circulaci\u00f3n, junto a todo el equipo de la Concejal\u00eda estuvimos en las calles ayudando con la desinfecci\u00f3n y siempre con las puertas abiertas de nuestra oficina, para que cualquier ciudadano pueda acercarse a consultar o realizar gestiones municipales\u201d.<\/p>\n\n\n\n<p>Agradeciendo a todo su equipo de asesores, detall\u00f3 lo siguiente: \u201cTrabajamos en proyectos de ordenanzas y resoluciones para mejorar las condiciones de vida en la ciudad, son m\u00e1s de 200, entre ellos quiero destacar \u201cSoy Resistencia Primavera\u201d, un programa de limpieza de bald\u00edos y espacios verdes, plantaci\u00f3n de \u00e1rboles y reciclaje, un proyecto de Bicisendas y Ciclov\u00edas para mejorar el tr\u00e1nsito en la ciudad y el programa \u201cSoy Resistencia Inclusiva\u201d, donde pintamos murales para concientizar a la sociedad y aplicamos el programa \u201c+Luces -Ruidos\u201d.<\/p>\n\n\n\n<p>\u201cA lo que hace la gesti\u00f3n diaria hemos presentado decenas de pedidos para zanjeos, limpieza, recolecci\u00f3n de residuos, reparaci\u00f3n de calles y luminarias p\u00fablicas en todos los barrios de la ciudad. Un tema crucial para \u00e9l ha sido el transporte p\u00fablico de pasajeros, donde resalt\u00f3 que \u201csiempre ha sido una prioridad para m\u00ed, constantemente trabajamos junto a todas las partes involucradas para ir resolvi\u00e9ndolo, logrando el cambio de recorrido en algunas casos, y en otros el arreglo de calles y las mejoras en las frecuencias de la unidades\u201d, sostuvo.<\/p>\n\n\n\n<p>En su rol como oposici\u00f3n al ejecutivo municipal record\u00f3 que \u201cnos opusimos al impuestazo del intendente, votando en contra y presentado una proyecto que lo reduc\u00eda considerablemente\u201d.<\/p>\n\n\n\n<p>&nbsp;\u201cAlgo que quiero destacar, que hace un rato un vecino me remarco, es que voy a ser el primer pol\u00edtico que realiza en la v\u00eda p\u00fablica este tipo de actividad, porque cuando uno hace las cosas bien, obviamente con errores pero siempre con buenas intenciones y responsabilidad, no tiene la necesidad de esconderse. Es por eso que agradezco a ustedes por tomarse la molestia de estar hoy ac\u00e1, acompa\u00f1\u00e1ndome, y desde lo profundo de mi coraz\u00f3n les quiero decir a los vecinos que sigamos trabajando y caminando juntos\u201d, finaliz\u00f3 Ortiz Melgratti.<\/p>\n","protected":false},"excerpt":{"rendered":"<p>El concejal de Resistencia por la UCR, Dino Ortiz Melgratti, realiz\u00f3 una conferencia de prensa en la Peatonal, d\u00f3nde repaso lo hecho por \u00e9l y su equipo de trabajo en \u00e9stos dos a\u00f1os que lleva en el cargo. \u201cQuer\u00edamos realizar este encuentro y conferencia de prensa para acercarnos a los vecinos y contarles en primera &hellip;<\/p>\n","protected":false},"author":2,"featured_media":46843,"comment_status":"open","ping_status":"open","sticky":false,"template":"","format":"standard","meta":{"_jetpack_memberships_contains_paid_content":false,"footnotes":"","jetpack_publicize_message":"","jetpack_publicize_feature_enabled":true,"jetpack_social_post_already_shared":true,"jetpack_social_options":{"image_generator_settings":{"template":"highway","default_image_id":0,"font":"","enabled":false},"version":2}},"categories":[14,37],"tags":[],"class_list":["post-46842","post","type-post","status-publish","format-standard","has-post-thumbnail","hentry","category-politica","category-resistencia"],"jetpack_publicize_connections":[],"jetpack_featured_media_url":"https:\/\/portalmovil.com.ar\/wp-content\/uploads\/2021\/12\/dino_ortiz_melgratti_balance_2_anos_4.jpg","jetpack_sharing_enabled":true,"amp_enabled":true,"_links":{"self":[{"href":"https:\/\/portalmovil.com.ar\/index.php\/wp-json\/wp\/v2\/posts\/46842","targetHints":{"allow":["GET"]}}],"collection":[{"href":"https:\/\/portalmovil.com.ar\/index.php\/wp-json\/wp\/v2\/posts"}],"about":[{"href":"https:\/\/portalmovil.com.ar\/index.php\/wp-json\/wp\/v2\/types\/post"}],"author":[{"embeddable":true,"href":"https:\/\/portalmovil.com.ar\/index.php\/wp-json\/wp\/v2\/users\/2"}],"replies":[{"embeddable":true,"href":"https:\/\/portalmovil.com.ar\/index.php\/wp-json\/wp\/v2\/comments?post=46842"}],"version-history":[{"count":1,"href":"https:\/\/portalmovil.com.ar\/index.php\/wp-json\/wp\/v2\/posts\/46842\/revisions"}],"predecessor-version":[{"id":46844,"href":"https:\/\/portalmovil.com.ar\/index.php\/wp-json\/wp\/v2\/posts\/46842\/revisions\/46844"}],"wp:featuredmedia":[{"embeddable":true,"href":"https:\/\/portalmovil.com.ar\/index.php\/wp-json\/wp\/v2\/media\/46843"}],"wp:attachment":[{"href":"https:\/\/portalmovil.com.ar\/index.php\/wp-json\/wp\/v2\/media?parent=46842"}],"wp:term":[{"taxonomy":"category","embeddable":true,"href":"https:\/\/portalmovil.com.ar\/index.php\/wp-json\/wp\/v2\/categories?post=46842"},{"taxonomy":"post_tag","embeddable":true,"href":"https:\/\/portalmovil.com.ar\/index.php\/wp-json\/wp\/v2\/tags?post=46842"}],"curies":[{"name":"wp","href":"https:\/\/api.w.org\/{rel}","templated":true}]}}