{"id":46786,"date":"2021-12-19T11:21:29","date_gmt":"2021-12-19T14:21:29","guid":{"rendered":"https:\/\/portalmovil.com.ar\/?p=46786"},"modified":"2021-12-19T11:21:32","modified_gmt":"2021-12-19T14:21:32","slug":"el-gobernador-encabezo-la-ultima-reunion-del-ano-de-la-mesa-interreligiosa-provincial","status":"publish","type":"post","link":"https:\/\/portalmovil.com.ar\/index.php\/2021\/12\/19\/el-gobernador-encabezo-la-ultima-reunion-del-ano-de-la-mesa-interreligiosa-provincial\/","title":{"rendered":"El gobernador encabez\u00f3 la \u00faltima reuni\u00f3n del a\u00f1o de la Mesa Interreligiosa Provincial"},"content":{"rendered":"\n<p>El gobernador Jorge Capitanich particip\u00f3 en la noche de este s\u00e1bado, del \u00faltimo encuentro del a\u00f1o de la Mesa Interreligiosa Provincial junto a los referentes de los distintos credos de la provincia. Bajo el lema \u201cCon alegr\u00eda y esperanza caminemos juntos y en paz\u201d, la jornada que se llev\u00f3 a cabo en el Parque de la Democracia, cont\u00f3 con reflexiones y oraciones de cada credo, adem\u00e1s de n\u00fameros y expresiones art\u00edsticas. \u201cEn estas v\u00edsperas de Navidad, anidemos en nuestro coraz\u00f3n un esp\u00edritu de paz, fe y esperanza y que estas celebraciones nos encuentren m\u00e1s unidos\u201d, enfatiz\u00f3 el primer mandatario.<\/p>\n\n\n\n<p>Valor\u00f3 en primer lugar el gran aporte de la Mesa Interreligiosa a la construcci\u00f3n de una sociedad m\u00e1s unida y destac\u00f3 el compromiso de cada uno de sus integrantes. Hizo hincapi\u00e9 adem\u00e1s en la diversidad religiosa del pueblo chaque\u00f1o como factor enriquecedor y dijo al respecto: \u201cNuestra tierra implica esa identidad pluriling\u00fce, multicultural y plurirreligiosa que nos une y enriquece\u201d. \u201cQuiero transmitir mis mejores deseos de paz y prosperidad para 2022\u201d, concluy\u00f3.<\/p>\n\n\n\n<p>Participaron de la actividad el subsecretario de Gobierno Ra\u00fal Bittel, el director de Culto Pedro Garc\u00eda; y la diputada Paola Ben\u00edtez. De la Mesa Interreligiosa participaron: el arzobispo de Resistencia Alfredo Dus (Iglesia Cat\u00f3lica), el presidente de Misi\u00f3n Resistencia de la Iglesia de Jesucristo \u201cLos Santos de los \u00faltimos D\u00edas\u201d Clay Reber, el rabino Natan Waingortin de la comunidad jud\u00eda, el pastor Cappe de la Mesa Evang\u00e9lica Materopolitana, el pastor Dar\u00edo Gim\u00e9nez de la Mesa Evang\u00e9lica del Interior, la hermana Marianela Rodr\u00edguez de la comunidad isl\u00e1mica, el pastor Diego Jorge de la comunidad evang\u00e9lica Qom y el ap\u00f3stol Daniel Gauna.<\/p>\n\n\n\n<p>\u201cDiversidad que enriquece\u201d<\/p>\n\n\n\n<p>En su alocuci\u00f3n, Monse\u00f1or Dus llam\u00f3 a la unidad de los distintos credos y enfatiz\u00f3 en la importancia de llevar un mensaje de paz en v\u00edsperas de navidad. \u201cA todos nos une una \u00fanica verdad; la cercan\u00eda de Dios. Por eso, tengamos una mirada de esperanza hacia el futuro y dej\u00e9monos conducir por Dios\u201d, destac\u00f3. Por otro lado, en el contexto de la pandemia, llam\u00f3 a sus pares a llevar un mensaje de alegr\u00eda a la gente que necesita consuelo.<\/p>\n\n\n\n<p>El rabino Natan Waingortin citando el episodio b\u00edblico de la Torre de Babel, valor\u00f3 la diversidad de las distintas expresiones religiosas como un factor de crecimiento y enriquecimiento mutuo. \u201cComo Mesa Interreligiosa estamos muy agradecidos de poder ser parte fundamental de la construcci\u00f3n de la diversidad y divina humanidad que conforma nuestra sociedad\u201d, dijo y augur\u00f3 una feliz navidad al pueblo cristiano.<\/p>\n\n\n\n<p>Por su parte, la hermana Rodr\u00edguez destac\u00f3 el lema de la jornada que \u201capela a la esperanza y alegr\u00eda \u2013dijo- que el creyente nunca debe abandonar\u201d. En la misma sinton\u00eda que los oradores anteriores, valor\u00f3 tambi\u00e9n la riqueza de cada credo y los llam\u00f3 a construir juntos puentes de paz y trabajar mancomunadamente en pos de un bien mayor y comunitario. Por \u00faltimo, Daniel Gauna valor\u00f3 la presencia de las y los distintos referentes de cada iglesia y credo y breg\u00f3 por \u201cm\u00e1s amor y tolerancia\u201d.<\/p>\n","protected":false},"excerpt":{"rendered":"<p>El gobernador Jorge Capitanich particip\u00f3 en la noche de este s\u00e1bado, del \u00faltimo encuentro del a\u00f1o de la Mesa Interreligiosa Provincial junto a los referentes de los distintos credos de la provincia. Bajo el lema \u201cCon alegr\u00eda y esperanza caminemos juntos y en paz\u201d, la jornada que se llev\u00f3 a cabo en el Parque de &hellip;<\/p>\n","protected":false},"author":2,"featured_media":46787,"comment_status":"open","ping_status":"open","sticky":false,"template":"","format":"standard","meta":{"_jetpack_memberships_contains_paid_content":false,"footnotes":"","jetpack_publicize_message":"","jetpack_publicize_feature_enabled":true,"jetpack_social_post_already_shared":true,"jetpack_social_options":{"image_generator_settings":{"template":"highway","default_image_id":0,"font":"","enabled":false},"version":2}},"categories":[28,5],"tags":[],"class_list":["post-46786","post","type-post","status-publish","format-standard","has-post-thumbnail","hentry","category-actualidad","category-chaco"],"jetpack_publicize_connections":[],"jetpack_featured_media_url":"https:\/\/portalmovil.com.ar\/wp-content\/uploads\/2021\/12\/4a3a897230fa5d07aa638bdfb6103a5d.jpg","jetpack_sharing_enabled":true,"amp_enabled":true,"_links":{"self":[{"href":"https:\/\/portalmovil.com.ar\/index.php\/wp-json\/wp\/v2\/posts\/46786","targetHints":{"allow":["GET"]}}],"collection":[{"href":"https:\/\/portalmovil.com.ar\/index.php\/wp-json\/wp\/v2\/posts"}],"about":[{"href":"https:\/\/portalmovil.com.ar\/index.php\/wp-json\/wp\/v2\/types\/post"}],"author":[{"embeddable":true,"href":"https:\/\/portalmovil.com.ar\/index.php\/wp-json\/wp\/v2\/users\/2"}],"replies":[{"embeddable":true,"href":"https:\/\/portalmovil.com.ar\/index.php\/wp-json\/wp\/v2\/comments?post=46786"}],"version-history":[{"count":1,"href":"https:\/\/portalmovil.com.ar\/index.php\/wp-json\/wp\/v2\/posts\/46786\/revisions"}],"predecessor-version":[{"id":46788,"href":"https:\/\/portalmovil.com.ar\/index.php\/wp-json\/wp\/v2\/posts\/46786\/revisions\/46788"}],"wp:featuredmedia":[{"embeddable":true,"href":"https:\/\/portalmovil.com.ar\/index.php\/wp-json\/wp\/v2\/media\/46787"}],"wp:attachment":[{"href":"https:\/\/portalmovil.com.ar\/index.php\/wp-json\/wp\/v2\/media?parent=46786"}],"wp:term":[{"taxonomy":"category","embeddable":true,"href":"https:\/\/portalmovil.com.ar\/index.php\/wp-json\/wp\/v2\/categories?post=46786"},{"taxonomy":"post_tag","embeddable":true,"href":"https:\/\/portalmovil.com.ar\/index.php\/wp-json\/wp\/v2\/tags?post=46786"}],"curies":[{"name":"wp","href":"https:\/\/api.w.org\/{rel}","templated":true}]}}