{"id":46565,"date":"2021-12-15T15:40:15","date_gmt":"2021-12-15T18:40:15","guid":{"rendered":"https:\/\/portalmovil.com.ar\/?p=46565"},"modified":"2021-12-15T15:40:25","modified_gmt":"2021-12-15T18:40:25","slug":"el-dia-que-natacha-jaitt-conto-su-horrible-experiencia-en-un-bano-con-fabian-gianola","status":"publish","type":"post","link":"https:\/\/portalmovil.com.ar\/index.php\/2021\/12\/15\/el-dia-que-natacha-jaitt-conto-su-horrible-experiencia-en-un-bano-con-fabian-gianola\/","title":{"rendered":"El d\u00eda que Natacha Jaitt cont\u00f3 su horrible experiencia en un ba\u00f1o con Fabi\u00e1n Gianola"},"content":{"rendered":"\n<p>Se acerca la fecha de la indagatoria de Fabi\u00e1n Gianola, que est\u00e1 acusado de abuso por al menos seis personas. En este contexto, vale recordar el tremendo episodio que en su momento denunci\u00f3 en Twitter Natacha Jaitt.<\/p>\n\n\n\n<p>\u201cFabi\u00e1n Gianola me encerr\u00f3 en un ba\u00f1o del camar\u00edn, trab\u00f3 la puerta con el pasador, se baj\u00f3 el pantal\u00f3n, sac\u00f3 su pene de golpe y me agarr\u00f3 del cuello para un oral obligada en la productora GP 2008, donde hicimos sketchs, tuve que gritar fuerte para que me deje huir. Lo juro por mi padre\u201d, relat\u00f3 Jaitt en su momento.<\/p>\n\n\n\n<figure class=\"wp-block-embed is-type-rich is-provider-twitter wp-block-embed-twitter\"><div class=\"wp-block-embed__wrapper\">\n<div class=\"embed-twitter\"><blockquote class=\"twitter-tweet\" data-width=\"500\" data-dnt=\"true\"><p lang=\"es\" dir=\"ltr\">Fabi\u00e1n Gianola, me encerr\u00f3 en 1 ba\u00f1o del camar\u00edn, trab\u00f3 la puerta c\/el pasador, se baj\u00f3 el pantal\u00f3n, sac\u00f3 su pene de golpe y me agarr\u00f3 del cuello para un oral obligada en la productora GP 2008, donde hicimos sketchs, tuve que gritar fuerte para q me deje huir. Lo juro x mi padre.<\/p>&mdash; Natacha Jaitt (@NatachaJaitt) <a href=\"https:\/\/twitter.com\/NatachaJaitt\/status\/1048430622992203776?ref_src=twsrc%5Etfw\">October 6, 2018<\/a><\/blockquote><script async src=\"https:\/\/platform.twitter.com\/widgets.js\" charset=\"utf-8\"><\/script><\/div>\n<\/div><\/figure>\n","protected":false},"excerpt":{"rendered":"<p>Se acerca la fecha de la indagatoria de Fabi\u00e1n Gianola, que est\u00e1 acusado de abuso por al menos seis personas. En este contexto, vale recordar el tremendo episodio que en su momento denunci\u00f3 en Twitter Natacha Jaitt. \u201cFabi\u00e1n Gianola me encerr\u00f3 en un ba\u00f1o del camar\u00edn, trab\u00f3 la puerta con el pasador, se baj\u00f3 el &hellip;<\/p>\n","protected":false},"author":2,"featured_media":46566,"comment_status":"open","ping_status":"open","sticky":false,"template":"","format":"standard","meta":{"_jetpack_memberships_contains_paid_content":false,"footnotes":"","jetpack_publicize_message":"","jetpack_publicize_feature_enabled":true,"jetpack_social_post_already_shared":true,"jetpack_social_options":{"image_generator_settings":{"template":"highway","default_image_id":0,"font":"","enabled":false},"version":2}},"categories":[3],"tags":[],"class_list":["post-46565","post","type-post","status-publish","format-standard","has-post-thumbnail","hentry","category-sociedad"],"jetpack_publicize_connections":[],"jetpack_featured_media_url":"https:\/\/portalmovil.com.ar\/wp-content\/uploads\/2021\/12\/NAtacha-jaitt.jpg","jetpack_sharing_enabled":true,"amp_enabled":true,"_links":{"self":[{"href":"https:\/\/portalmovil.com.ar\/index.php\/wp-json\/wp\/v2\/posts\/46565","targetHints":{"allow":["GET"]}}],"collection":[{"href":"https:\/\/portalmovil.com.ar\/index.php\/wp-json\/wp\/v2\/posts"}],"about":[{"href":"https:\/\/portalmovil.com.ar\/index.php\/wp-json\/wp\/v2\/types\/post"}],"author":[{"embeddable":true,"href":"https:\/\/portalmovil.com.ar\/index.php\/wp-json\/wp\/v2\/users\/2"}],"replies":[{"embeddable":true,"href":"https:\/\/portalmovil.com.ar\/index.php\/wp-json\/wp\/v2\/comments?post=46565"}],"version-history":[{"count":1,"href":"https:\/\/portalmovil.com.ar\/index.php\/wp-json\/wp\/v2\/posts\/46565\/revisions"}],"predecessor-version":[{"id":46567,"href":"https:\/\/portalmovil.com.ar\/index.php\/wp-json\/wp\/v2\/posts\/46565\/revisions\/46567"}],"wp:featuredmedia":[{"embeddable":true,"href":"https:\/\/portalmovil.com.ar\/index.php\/wp-json\/wp\/v2\/media\/46566"}],"wp:attachment":[{"href":"https:\/\/portalmovil.com.ar\/index.php\/wp-json\/wp\/v2\/media?parent=46565"}],"wp:term":[{"taxonomy":"category","embeddable":true,"href":"https:\/\/portalmovil.com.ar\/index.php\/wp-json\/wp\/v2\/categories?post=46565"},{"taxonomy":"post_tag","embeddable":true,"href":"https:\/\/portalmovil.com.ar\/index.php\/wp-json\/wp\/v2\/tags?post=46565"}],"curies":[{"name":"wp","href":"https:\/\/api.w.org\/{rel}","templated":true}]}}