{"id":46475,"date":"2021-12-14T14:35:58","date_gmt":"2021-12-14T17:35:58","guid":{"rendered":"https:\/\/portalmovil.com.ar\/?p=46475"},"modified":"2021-12-14T14:36:00","modified_gmt":"2021-12-14T17:36:00","slug":"los-macristas-son-burrisimos","status":"publish","type":"post","link":"https:\/\/portalmovil.com.ar\/index.php\/2021\/12\/14\/los-macristas-son-burrisimos\/","title":{"rendered":"\u00abLos macristas son burr\u00edsimos\u00bb"},"content":{"rendered":"\n<p>Mitre admiti\u00f3 que dej\u00f3 \u00abde ser del Pro\u00bb porque \u00abdejaron el pa\u00eds destruido\u00bb. Asegur\u00f3 que hab\u00eda sido fiscal de Cambiemos en las \u00faltimas elecciones a presidente y que no le gustaba la ex presidenta Cristina Kirchner y era antikichnerista porque su padre era \u00abliberar conservador\u00bb.<\/p>\n\n\n\n<p>En la misma l\u00ednea, caracteriz\u00f3 a los macristas como tilingos y argument\u00f3 que \u00abel tilingo es un wanna be, desayuna en Dashi todos los d\u00edas\u00bb y a\u00f1adi\u00f3 que \u00abLlegar a un cumplea\u00f1os en helic\u00f3ptero es de cuarta, muy ordinario\u00bb.<\/p>\n\n\n\n<p>\u00abEstoy muy agradecida con el peronismo, no porque me hayan ayudad. De alguna manera el macrismo me acerc\u00f3 al peronismo. Me gustar\u00eda ser pol\u00edtica y dentro del Frente de Todos\u00bb, explic\u00f3.<\/p>\n\n\n\n<p>Respecto a la situaci\u00f3n judicial que enfrenta en pos de recuperar el control del diario y LN+, E<strong>smeralda Mitre dijo estar \u00abmuy contenta porque la justicia est\u00e1 funcionando\u00bb. \u00abEn un momento tuve miedo de que no fuera as\u00ed\u00bb, sostuvo.<\/strong><\/p>\n\n\n\n<p><strong>\u00abMe qued\u00e9 muy sola, tuve momentos dif\u00edciles de pastillas. Fue muy valiente mi parte, no se como lo hice. Hoy estoy cansada<\/strong>\u00ab, se\u00f1al\u00f3.<\/p>\n\n\n\n<p>Esmeralda habl\u00f3 el fin de semana en C5N y dispar\u00f3 contra el ex presidente Mauricio Macri, a quien tild\u00f3 como \u00abhijo de mafiosos y narcotraficantes\u201d.<\/p>\n\n\n\n<p><strong>\u00abTodos conoc\u00edamos a Franco Macri. Ahora, este hombre se quiere hacer el buenito tambi\u00e9n pero siempre va a ser de la aristocracia. Es el lugar en el que le toc\u00f3 estar<\/strong>\u00ab, se\u00f1al\u00f3.<\/p>\n","protected":false},"excerpt":{"rendered":"<p>Mitre admiti\u00f3 que dej\u00f3 \u00abde ser del Pro\u00bb porque \u00abdejaron el pa\u00eds destruido\u00bb. Asegur\u00f3 que hab\u00eda sido fiscal de Cambiemos en las \u00faltimas elecciones a presidente y que no le gustaba la ex presidenta Cristina Kirchner y era antikichnerista porque su padre era \u00abliberar conservador\u00bb. En la misma l\u00ednea, caracteriz\u00f3 a los macristas como tilingos &hellip;<\/p>\n","protected":false},"author":2,"featured_media":46476,"comment_status":"open","ping_status":"open","sticky":false,"template":"","format":"standard","meta":{"_jetpack_memberships_contains_paid_content":false,"footnotes":"","jetpack_publicize_message":"","jetpack_publicize_feature_enabled":true,"jetpack_social_post_already_shared":true,"jetpack_social_options":{"image_generator_settings":{"template":"highway","default_image_id":0,"font":"","enabled":false},"version":2}},"categories":[639,14],"tags":[],"class_list":["post-46475","post","type-post","status-publish","format-standard","has-post-thumbnail","hentry","category-argentina","category-politica"],"jetpack_publicize_connections":[],"jetpack_featured_media_url":"https:\/\/portalmovil.com.ar\/wp-content\/uploads\/2021\/12\/Macri-Neuquen-1024x682-1.jpg","jetpack_sharing_enabled":true,"amp_enabled":true,"_links":{"self":[{"href":"https:\/\/portalmovil.com.ar\/index.php\/wp-json\/wp\/v2\/posts\/46475","targetHints":{"allow":["GET"]}}],"collection":[{"href":"https:\/\/portalmovil.com.ar\/index.php\/wp-json\/wp\/v2\/posts"}],"about":[{"href":"https:\/\/portalmovil.com.ar\/index.php\/wp-json\/wp\/v2\/types\/post"}],"author":[{"embeddable":true,"href":"https:\/\/portalmovil.com.ar\/index.php\/wp-json\/wp\/v2\/users\/2"}],"replies":[{"embeddable":true,"href":"https:\/\/portalmovil.com.ar\/index.php\/wp-json\/wp\/v2\/comments?post=46475"}],"version-history":[{"count":1,"href":"https:\/\/portalmovil.com.ar\/index.php\/wp-json\/wp\/v2\/posts\/46475\/revisions"}],"predecessor-version":[{"id":46477,"href":"https:\/\/portalmovil.com.ar\/index.php\/wp-json\/wp\/v2\/posts\/46475\/revisions\/46477"}],"wp:featuredmedia":[{"embeddable":true,"href":"https:\/\/portalmovil.com.ar\/index.php\/wp-json\/wp\/v2\/media\/46476"}],"wp:attachment":[{"href":"https:\/\/portalmovil.com.ar\/index.php\/wp-json\/wp\/v2\/media?parent=46475"}],"wp:term":[{"taxonomy":"category","embeddable":true,"href":"https:\/\/portalmovil.com.ar\/index.php\/wp-json\/wp\/v2\/categories?post=46475"},{"taxonomy":"post_tag","embeddable":true,"href":"https:\/\/portalmovil.com.ar\/index.php\/wp-json\/wp\/v2\/tags?post=46475"}],"curies":[{"name":"wp","href":"https:\/\/api.w.org\/{rel}","templated":true}]}}