{"id":46462,"date":"2021-12-14T13:42:04","date_gmt":"2021-12-14T16:42:04","guid":{"rendered":"https:\/\/portalmovil.com.ar\/?p=46462"},"modified":"2021-12-14T13:42:06","modified_gmt":"2021-12-14T16:42:06","slug":"insssep-presento-un-nuevo-esquema-para-garantizar-el-servicio-de-sepelios","status":"publish","type":"post","link":"https:\/\/portalmovil.com.ar\/index.php\/2021\/12\/14\/insssep-presento-un-nuevo-esquema-para-garantizar-el-servicio-de-sepelios\/","title":{"rendered":"Insssep present\u00f3 un nuevo esquema para garantizar el servicio de sepelios"},"content":{"rendered":"\n<p>El presidente del Insssep, Antonio Morante inform\u00f3 este martes sobre el servicio de sepelios de la obra social provincial. \u201cTenemos la premisa de garantizar los servicios y la obra social no va a dejar abandonado a los familiares de un afiliado\u201d, dijo Morante al anunciar un nuevo esquema para acceder a los servicios de sepelios.<\/p>\n\n\n\n<p>Morante explic\u00f3&nbsp;que conferencia de prensa que \u201ctodos los deudos de los afiliados fallecidos podr\u00e1n dirigirse a la empresa para contratar el servicio y manifestar que es afiliado a Insssep, solicitar una factura por el servicio y dirigirse \u2013 el primer d\u00eda h\u00e1bil siguiente \u2013 a las oficinas de las delegaciones de la obra social en la provincia o la casa central con los requisitos que ya estar\u00e1n publicados en las paginas oficiales del organismo, para luego recibir el reintegro correspondiente. Para esto se trabaja , para lograr agilidad en el reintegro, de aproximadamente 48 horas\u201d..<\/p>\n\n\n\n<p>En este sentido Morante asegur\u00f3: \u201cConsideramos que de acuerdo a lo que establece la ley, estamos garantizando con esta modalidad la prestaci\u00f3n de los servicios se sepelios\u201d.<\/p>\n\n\n\n<p>Seg\u00fan explic\u00f3 Morante esta nueva modalidad o esquema para garantizar los servicios se da ante la decisi\u00f3n de manera unilateral de la Asociaci\u00f3n de Empresarios de Servicios F\u00fanebres y la C\u00e1mara Regional de Empresarios F\u00fanebres de rescindir los convenios con el Insssep porque consideraban que los aranceles eran insuficientes.\u00a0<\/p>\n\n\n\n<figure class=\"wp-block-image is-resized\"><img loading=\"lazy\" decoding=\"async\" src=\"http:\/\/agenciafoco.com.ar\/media\/cache\/quality\/uploads\/noticias\/61b8ae00c5a55792671771.jpg\" alt=\"\" width=\"890\" height=\"905\"\/><\/figure>\n\n\n\n<p>En declaraciones a Radio Provincia, Morante se\u00f1al\u00f3 que el Insssep va a comunicar y mantener actualizado el registro de las empresas que prestan el servicio de sepelios que firmaran de manera directa con la obra social. Tambi\u00e9n se publicar\u00e1n los requisitos que deber\u00e1n presentar los deudos para acceder al servicio de sepelios.<\/p>\n\n\n\n<p>Morante explic\u00f3 que el servicio mas frecuentemente facturado esta en 42.500 pesos. \u201cEse es el monto que el Insssep va a reconocer de acuerdo al convenio establecido con las empresas que adhirieron a trabajar con la obra social\u201d, se\u00f1al\u00f3. Agreg\u00f3 que este es el c\u00f3digo del modulo de servicio mas frecuente que se corresponde a casi el 90% de la facturaci\u00f3n, que realiza la obra social en materia de sepelios.<\/p>\n\n\n\n<p>El titular de la obra social provincial aclar\u00f3 adem\u00e1s que el servicio de cremaci\u00f3n esta \u201ctotalmente\u201d garantizado porque la empresa que realiza el servicio no esta nucleada en las entidades que rescindieron el convenio.<\/p>\n\n\n\n<p><a href=\"https:\/\/www.insssep.gob.ar\/Coberturas\/Index\/0d715035-bc56-4e15-b605-a7ad00ca07d0?fbclid=IwAR2vxhGKdBUS0Y0-hFHcpJ8U-oQ4oCq_mgNNmhJ4GuuEwhdQJ8HhCrOrIQs\">Link con detalles y requisitos para los servicios de sepelios de Insssep<\/a><\/p>\n","protected":false},"excerpt":{"rendered":"<p>El presidente del Insssep, Antonio Morante inform\u00f3 este martes sobre el servicio de sepelios de la obra social provincial. \u201cTenemos la premisa de garantizar los servicios y la obra social no va a dejar abandonado a los familiares de un afiliado\u201d, dijo Morante al anunciar un nuevo esquema para acceder a los servicios de sepelios. &hellip;<\/p>\n","protected":false},"author":2,"featured_media":46463,"comment_status":"open","ping_status":"open","sticky":false,"template":"","format":"standard","meta":{"_jetpack_memberships_contains_paid_content":false,"footnotes":"","jetpack_publicize_message":"","jetpack_publicize_feature_enabled":true,"jetpack_social_post_already_shared":true,"jetpack_social_options":{"image_generator_settings":{"template":"highway","default_image_id":0,"font":"","enabled":false},"version":2}},"categories":[5,14],"tags":[],"class_list":["post-46462","post","type-post","status-publish","format-standard","has-post-thumbnail","hentry","category-chaco","category-politica"],"jetpack_publicize_connections":[],"jetpack_featured_media_url":"https:\/\/portalmovil.com.ar\/wp-content\/uploads\/2021\/12\/unnamed-3.jpg","jetpack_sharing_enabled":true,"amp_enabled":true,"_links":{"self":[{"href":"https:\/\/portalmovil.com.ar\/index.php\/wp-json\/wp\/v2\/posts\/46462","targetHints":{"allow":["GET"]}}],"collection":[{"href":"https:\/\/portalmovil.com.ar\/index.php\/wp-json\/wp\/v2\/posts"}],"about":[{"href":"https:\/\/portalmovil.com.ar\/index.php\/wp-json\/wp\/v2\/types\/post"}],"author":[{"embeddable":true,"href":"https:\/\/portalmovil.com.ar\/index.php\/wp-json\/wp\/v2\/users\/2"}],"replies":[{"embeddable":true,"href":"https:\/\/portalmovil.com.ar\/index.php\/wp-json\/wp\/v2\/comments?post=46462"}],"version-history":[{"count":1,"href":"https:\/\/portalmovil.com.ar\/index.php\/wp-json\/wp\/v2\/posts\/46462\/revisions"}],"predecessor-version":[{"id":46464,"href":"https:\/\/portalmovil.com.ar\/index.php\/wp-json\/wp\/v2\/posts\/46462\/revisions\/46464"}],"wp:featuredmedia":[{"embeddable":true,"href":"https:\/\/portalmovil.com.ar\/index.php\/wp-json\/wp\/v2\/media\/46463"}],"wp:attachment":[{"href":"https:\/\/portalmovil.com.ar\/index.php\/wp-json\/wp\/v2\/media?parent=46462"}],"wp:term":[{"taxonomy":"category","embeddable":true,"href":"https:\/\/portalmovil.com.ar\/index.php\/wp-json\/wp\/v2\/categories?post=46462"},{"taxonomy":"post_tag","embeddable":true,"href":"https:\/\/portalmovil.com.ar\/index.php\/wp-json\/wp\/v2\/tags?post=46462"}],"curies":[{"name":"wp","href":"https:\/\/api.w.org\/{rel}","templated":true}]}}