{"id":46414,"date":"2021-12-13T16:10:00","date_gmt":"2021-12-13T19:10:00","guid":{"rendered":"https:\/\/portalmovil.com.ar\/?p=46414"},"modified":"2021-12-13T16:10:03","modified_gmt":"2021-12-13T19:10:03","slug":"frente-popular-dario-santillan-dr-rolando-toledo-sos-la-dictadura","status":"publish","type":"post","link":"https:\/\/portalmovil.com.ar\/index.php\/2021\/12\/13\/frente-popular-dario-santillan-dr-rolando-toledo-sos-la-dictadura\/","title":{"rendered":"Frente Popular Dar\u00edo Santill\u00e1n: \u00abDr Rolando Toledo, sos la dictadura\u00bb"},"content":{"rendered":"\n<p>Este lunes, un grupo de manifestante se congregaron frente a Casa de Gobierno. Los mismos exig\u00edan al gobernador Jorge Capitanich se expida sobre, seg\u00fan ellos, \u00abla participaci\u00f3n de Rolando Toledo (presidente del STJ) en la \u00faltima dictadura militar\u00bb, como parte, en ese entonces, del Concejo de Asesoramiento Legislativo, explicaron.<\/p>\n\n\n\n<p>\u00abSeg\u00fan la Ley de Memoria, Verdad y Justicia el tendr\u00eda que haber sido juzgado como funcionario y miembro de la dictadura\u00bb, aseguro Miguel Chamorro, referente del Frente Dar\u00edo Santillan.&nbsp;<\/p>\n\n\n\n<p>Y agrega: \u00abEl tendr\u00eda que ser expulsado del Superior Tribunal de Justicia y con esa misma gallard\u00eda deber\u00eda presentarse a la Justicia para que lo investiguen por los delitos que cometi\u00f3; el cual deber\u00eda estar preso\u00bb.<\/p>\n","protected":false},"excerpt":{"rendered":"<p>Este lunes, un grupo de manifestante se congregaron frente a Casa de Gobierno. Los mismos exig\u00edan al gobernador Jorge Capitanich se expida sobre, seg\u00fan ellos, \u00abla participaci\u00f3n de Rolando Toledo (presidente del STJ) en la \u00faltima dictadura militar\u00bb, como parte, en ese entonces, del Concejo de Asesoramiento Legislativo, explicaron. \u00abSeg\u00fan la Ley de Memoria, Verdad &hellip;<\/p>\n","protected":false},"author":2,"featured_media":46415,"comment_status":"open","ping_status":"open","sticky":false,"template":"","format":"standard","meta":{"_jetpack_memberships_contains_paid_content":false,"footnotes":"","jetpack_publicize_message":"","jetpack_publicize_feature_enabled":true,"jetpack_social_post_already_shared":true,"jetpack_social_options":{"image_generator_settings":{"template":"highway","default_image_id":0,"font":"","enabled":false},"version":2}},"categories":[14,37],"tags":[],"class_list":["post-46414","post","type-post","status-publish","format-standard","has-post-thumbnail","hentry","category-politica","category-resistencia"],"jetpack_publicize_connections":[],"jetpack_featured_media_url":"https:\/\/portalmovil.com.ar\/wp-content\/uploads\/2021\/12\/0acd9a3f-b84b-48c8-8939-c9f06fda906d.jpg","jetpack_sharing_enabled":true,"amp_enabled":true,"_links":{"self":[{"href":"https:\/\/portalmovil.com.ar\/index.php\/wp-json\/wp\/v2\/posts\/46414","targetHints":{"allow":["GET"]}}],"collection":[{"href":"https:\/\/portalmovil.com.ar\/index.php\/wp-json\/wp\/v2\/posts"}],"about":[{"href":"https:\/\/portalmovil.com.ar\/index.php\/wp-json\/wp\/v2\/types\/post"}],"author":[{"embeddable":true,"href":"https:\/\/portalmovil.com.ar\/index.php\/wp-json\/wp\/v2\/users\/2"}],"replies":[{"embeddable":true,"href":"https:\/\/portalmovil.com.ar\/index.php\/wp-json\/wp\/v2\/comments?post=46414"}],"version-history":[{"count":1,"href":"https:\/\/portalmovil.com.ar\/index.php\/wp-json\/wp\/v2\/posts\/46414\/revisions"}],"predecessor-version":[{"id":46416,"href":"https:\/\/portalmovil.com.ar\/index.php\/wp-json\/wp\/v2\/posts\/46414\/revisions\/46416"}],"wp:featuredmedia":[{"embeddable":true,"href":"https:\/\/portalmovil.com.ar\/index.php\/wp-json\/wp\/v2\/media\/46415"}],"wp:attachment":[{"href":"https:\/\/portalmovil.com.ar\/index.php\/wp-json\/wp\/v2\/media?parent=46414"}],"wp:term":[{"taxonomy":"category","embeddable":true,"href":"https:\/\/portalmovil.com.ar\/index.php\/wp-json\/wp\/v2\/categories?post=46414"},{"taxonomy":"post_tag","embeddable":true,"href":"https:\/\/portalmovil.com.ar\/index.php\/wp-json\/wp\/v2\/tags?post=46414"}],"curies":[{"name":"wp","href":"https:\/\/api.w.org\/{rel}","templated":true}]}}