{"id":46380,"date":"2021-12-13T10:03:25","date_gmt":"2021-12-13T13:03:25","guid":{"rendered":"https:\/\/portalmovil.com.ar\/?p=46380"},"modified":"2021-12-13T10:03:27","modified_gmt":"2021-12-13T13:03:27","slug":"el-municipio-encendio-un-nuevo-arbol-de-navidad-en-resistencia","status":"publish","type":"post","link":"https:\/\/portalmovil.com.ar\/index.php\/2021\/12\/13\/el-municipio-encendio-un-nuevo-arbol-de-navidad-en-resistencia\/","title":{"rendered":"El Municipio encendi\u00f3 un nuevo \u00e1rbol de Navidad en Resistencia"},"content":{"rendered":"\n<p>Autoridades municipales iluminaron el \u00e1rbol de Navidad, que est\u00e1 situado en la intersecci\u00f3n de las avenidas Hernandarias y Alvear. La meta de esta propuesta es festejar con esp\u00edritu navide\u00f1o adornando los distintos espacios verdes de Resistencia.<\/p>\n\n\n\n<p>Este \u00e1rbol se suma al parque tem\u00e1tico ubicado en el Domo del Centenario y el Parque 2 de Febrero, al tradicional \u00e1rbol de la Plaza 25 de Mayo, y al \u00e1rbol navide\u00f1o que est\u00e1 en el cruce de las avenidas Castelli y Las Heras.<\/p>\n\n\n\n<p>La secretaria de Desarrollo Humano e Identidad, Laura Balbis, sostuvo que \u201cdesde la gesti\u00f3n municipal se invita a los vecinos y vecinas a que concurran a las diferentes inauguraciones de \u00e1rboles de Navidad en los diversos sectores de la Ciudad\u201d.<\/p>\n\n\n\n<p>En una misma sinton\u00eda, remarc\u00f3 que \u201cse vio que esta iniciativa tuvo mucha aceptaci\u00f3n por parte de la comunidad, de las comisiones vecinales y de las instituciones que se fueron sumando\u201d, y agreg\u00f3 que \u201ces necesario aprovechar todos los pulmones verdes que tiene Resistencia para disfrutar la Navidad en familia y con amigos\u201d.<\/p>\n\n\n\n<p>La subsecretaria de Integraci\u00f3n Comunitaria y Desarrollo Productivo, Patricia Alarc\u00f3n, se\u00f1al\u00f3 que \u201cse volvieron a instalar las ganas de celebrar el esp\u00edritu navide\u00f1o al calor de todas las actividades que propone el Municipio con una muy buena planificaci\u00f3n pensada para el bienestar de la gente\u201d, y finaliz\u00f3 diciendo que \u201cesto es positivo porque se ve reflejado en la respuesta satisfactoria de los vecinos y vecinas\u201d.<\/p>\n","protected":false},"excerpt":{"rendered":"<p>Autoridades municipales iluminaron el \u00e1rbol de Navidad, que est\u00e1 situado en la intersecci\u00f3n de las avenidas Hernandarias y Alvear. La meta de esta propuesta es festejar con esp\u00edritu navide\u00f1o adornando los distintos espacios verdes de Resistencia. Este \u00e1rbol se suma al parque tem\u00e1tico ubicado en el Domo del Centenario y el Parque 2 de Febrero, &hellip;<\/p>\n","protected":false},"author":2,"featured_media":46381,"comment_status":"open","ping_status":"open","sticky":false,"template":"","format":"standard","meta":{"_jetpack_memberships_contains_paid_content":false,"footnotes":"","jetpack_publicize_message":"","jetpack_publicize_feature_enabled":true,"jetpack_social_post_already_shared":true,"jetpack_social_options":{"image_generator_settings":{"template":"highway","default_image_id":0,"font":"","enabled":false},"version":2}},"categories":[37],"tags":[],"class_list":["post-46380","post","type-post","status-publish","format-standard","has-post-thumbnail","hentry","category-resistencia"],"jetpack_publicize_connections":[],"jetpack_featured_media_url":"https:\/\/portalmovil.com.ar\/wp-content\/uploads\/2021\/12\/GM-ArbolNavidadHernandarias-696x501-1.jpg","jetpack_sharing_enabled":true,"amp_enabled":true,"_links":{"self":[{"href":"https:\/\/portalmovil.com.ar\/index.php\/wp-json\/wp\/v2\/posts\/46380","targetHints":{"allow":["GET"]}}],"collection":[{"href":"https:\/\/portalmovil.com.ar\/index.php\/wp-json\/wp\/v2\/posts"}],"about":[{"href":"https:\/\/portalmovil.com.ar\/index.php\/wp-json\/wp\/v2\/types\/post"}],"author":[{"embeddable":true,"href":"https:\/\/portalmovil.com.ar\/index.php\/wp-json\/wp\/v2\/users\/2"}],"replies":[{"embeddable":true,"href":"https:\/\/portalmovil.com.ar\/index.php\/wp-json\/wp\/v2\/comments?post=46380"}],"version-history":[{"count":1,"href":"https:\/\/portalmovil.com.ar\/index.php\/wp-json\/wp\/v2\/posts\/46380\/revisions"}],"predecessor-version":[{"id":46382,"href":"https:\/\/portalmovil.com.ar\/index.php\/wp-json\/wp\/v2\/posts\/46380\/revisions\/46382"}],"wp:featuredmedia":[{"embeddable":true,"href":"https:\/\/portalmovil.com.ar\/index.php\/wp-json\/wp\/v2\/media\/46381"}],"wp:attachment":[{"href":"https:\/\/portalmovil.com.ar\/index.php\/wp-json\/wp\/v2\/media?parent=46380"}],"wp:term":[{"taxonomy":"category","embeddable":true,"href":"https:\/\/portalmovil.com.ar\/index.php\/wp-json\/wp\/v2\/categories?post=46380"},{"taxonomy":"post_tag","embeddable":true,"href":"https:\/\/portalmovil.com.ar\/index.php\/wp-json\/wp\/v2\/tags?post=46380"}],"curies":[{"name":"wp","href":"https:\/\/api.w.org\/{rel}","templated":true}]}}