{"id":45986,"date":"2021-12-07T09:55:37","date_gmt":"2021-12-07T12:55:37","guid":{"rendered":"https:\/\/portalmovil.com.ar\/?p=45986"},"modified":"2021-12-07T09:55:41","modified_gmt":"2021-12-07T12:55:41","slug":"murio-el-intendente-de-fuerte-esperanza-walter-correa","status":"publish","type":"post","link":"https:\/\/portalmovil.com.ar\/index.php\/2021\/12\/07\/murio-el-intendente-de-fuerte-esperanza-walter-correa\/","title":{"rendered":"Muri\u00f3 el intendente de Fuerte Esperanza, Walter Correa"},"content":{"rendered":"\n<p>El intendente de Fuerte Esperanza, Walter \u201cBulinki\u201d Correa, falleci\u00f3 ayer a los 43 a\u00f1os tras haberse sometido a una cirug\u00eda en Buenos Aires para tratar el c\u00e1ncer contra el que luchaba hace tiempo<\/p>\n\n\n\n<p>La triste noticia se conoci\u00f3 durante las \u00faltimas horas del lunes por allegados de la familia y fue confirmada por el gobernador, Jorge Capitanich, con un mensaje de despedida en las redes sociales.<\/p>\n\n\n\n<p>Seg\u00fan informaron medios locales, Correa fue sometido a una compleja intervenci\u00f3n quir\u00fargica en Buenos Aires en horas de la ma\u00f1ana del lunes que se extendi\u00f3 por varias horas. En tanto, pasadas las 22:00, se confirm\u00f3 su deceso.<\/p>\n\n\n\n<p>Correa, que cumpl\u00eda su tercer mandato al frente del Ejecutivo de Fuerte Esperanza, recib\u00eda diversos tratamientos m\u00e9dicos para afrontar el c\u00e1ncer y que le permitieron retomar su gesti\u00f3n frente al Municipio.<\/p>\n\n\n\n<p>\u201cQuiero enviar mis m\u00e1s sentido p\u00e9same a la familia del intendente Walter Bulinki Correa de Fuerte Esperanza, un gran compa\u00f1ero con larga trayectoria pol\u00edtica que ha trabajado incansablemente por El Impenetrable\u201d, manifest\u00f3 Capitanich anoche.<\/p>\n\n\n\n<p>En esa l\u00ednea, expres\u00f3:<strong>&nbsp;\u201cGracias por el compromiso, por la lucha diaria y la entrega hacia cada chaque\u00f1o que habita en el coraz\u00f3n de la provincia<\/strong>\u201d. \u201cSu partida nos deja un gran vac\u00edo pero su huella ser\u00e1 imborrable. Hasta siempre!\u201d, se despidi\u00f3.<\/p>\n","protected":false},"excerpt":{"rendered":"<p>El intendente de Fuerte Esperanza, Walter \u201cBulinki\u201d Correa, falleci\u00f3 ayer a los 43 a\u00f1os tras haberse sometido a una cirug\u00eda en Buenos Aires para tratar el c\u00e1ncer contra el que luchaba hace tiempo La triste noticia se conoci\u00f3 durante las \u00faltimas horas del lunes por allegados de la familia y fue confirmada por el gobernador, &hellip;<\/p>\n","protected":false},"author":2,"featured_media":45987,"comment_status":"open","ping_status":"open","sticky":false,"template":"","format":"standard","meta":{"_jetpack_memberships_contains_paid_content":false,"footnotes":"","jetpack_publicize_message":"","jetpack_publicize_feature_enabled":true,"jetpack_social_post_already_shared":true,"jetpack_social_options":{"image_generator_settings":{"template":"highway","default_image_id":0,"font":"","enabled":false},"version":2}},"categories":[5,42],"tags":[],"class_list":["post-45986","post","type-post","status-publish","format-standard","has-post-thumbnail","hentry","category-chaco","category-interior"],"jetpack_publicize_connections":[],"jetpack_featured_media_url":"https:\/\/portalmovil.com.ar\/wp-content\/uploads\/2021\/12\/251930011_4308057889321232_6964598899078294181_n_0.jpg","jetpack_sharing_enabled":true,"amp_enabled":true,"_links":{"self":[{"href":"https:\/\/portalmovil.com.ar\/index.php\/wp-json\/wp\/v2\/posts\/45986","targetHints":{"allow":["GET"]}}],"collection":[{"href":"https:\/\/portalmovil.com.ar\/index.php\/wp-json\/wp\/v2\/posts"}],"about":[{"href":"https:\/\/portalmovil.com.ar\/index.php\/wp-json\/wp\/v2\/types\/post"}],"author":[{"embeddable":true,"href":"https:\/\/portalmovil.com.ar\/index.php\/wp-json\/wp\/v2\/users\/2"}],"replies":[{"embeddable":true,"href":"https:\/\/portalmovil.com.ar\/index.php\/wp-json\/wp\/v2\/comments?post=45986"}],"version-history":[{"count":1,"href":"https:\/\/portalmovil.com.ar\/index.php\/wp-json\/wp\/v2\/posts\/45986\/revisions"}],"predecessor-version":[{"id":45988,"href":"https:\/\/portalmovil.com.ar\/index.php\/wp-json\/wp\/v2\/posts\/45986\/revisions\/45988"}],"wp:featuredmedia":[{"embeddable":true,"href":"https:\/\/portalmovil.com.ar\/index.php\/wp-json\/wp\/v2\/media\/45987"}],"wp:attachment":[{"href":"https:\/\/portalmovil.com.ar\/index.php\/wp-json\/wp\/v2\/media?parent=45986"}],"wp:term":[{"taxonomy":"category","embeddable":true,"href":"https:\/\/portalmovil.com.ar\/index.php\/wp-json\/wp\/v2\/categories?post=45986"},{"taxonomy":"post_tag","embeddable":true,"href":"https:\/\/portalmovil.com.ar\/index.php\/wp-json\/wp\/v2\/tags?post=45986"}],"curies":[{"name":"wp","href":"https:\/\/api.w.org\/{rel}","templated":true}]}}