{"id":45912,"date":"2021-12-06T09:56:47","date_gmt":"2021-12-06T12:56:47","guid":{"rendered":"https:\/\/portalmovil.com.ar\/?p=45912"},"modified":"2021-12-06T09:56:50","modified_gmt":"2021-12-06T12:56:50","slug":"el-8-sera-feriado-nacional-y-el-13-asueto-provincial","status":"publish","type":"post","link":"https:\/\/portalmovil.com.ar\/index.php\/2021\/12\/06\/el-8-sera-feriado-nacional-y-el-13-asueto-provincial\/","title":{"rendered":"El 8 ser\u00e1 feriado nacional y el 13, asueto provincial"},"content":{"rendered":"\n<p>Este mi\u00e9rcoles 8 y lunes 13 ser\u00e1n feriado nacional y asueto provincial. As\u00ed se establece desde el gobierno nacional y el provincial, respectivamente, por la celebraci\u00f3n en honor a la Inmaculada Concepci\u00f3n de la Sant\u00edsima Virgen Mar\u00eda y por el \u201cD\u00eda Provincial de la Memoria por la Verdad y la Justicia\u201d en rememoraci\u00f3n de las v\u00edctimas de la Masacre de Margarita Bel\u00e9n.<\/p>\n\n\n\n<p>Conocida tambi\u00e9n como la Pur\u00edsima Concepci\u00f3n, la Inmaculada Concepci\u00f3n de la Sant\u00edsima Virgen Mar\u00eda es un dogma de la Iglesia cat\u00f3lica decretado en 1854 que sostiene que la Virgen Mar\u00eda estuvo libre del pecado original desde el primer momento de su concepci\u00f3n por los m\u00e9ritos de su hijo Jesucristo, recogiendo de esta manera el sentir de dos mil a\u00f1os de tradici\u00f3n cristiana al respecto. Se celebra el 8 de diciembre, nueve meses antes de la celebraci\u00f3n de la Natividad de la Virgen el 8 de septiembre.<\/p>\n\n\n\n<p>En tanto, con la ley 3085-E, de noviembre de 2019, se instituye el 13 de diciembre de cada a\u00f1o, como \u201cD\u00eda Provincial de la Memoria por la Verdad y la Justicia\u201d en rememoraci\u00f3n de las v\u00edctimas de la Masacre de Margarita Bel\u00e9n, el que ser\u00e1 d\u00eda no laborable, en todo el \u00e1mbito del sector publico provincial. \u201cSe trata de una modificaci\u00f3n a la ley 1396- E, que instituy\u00f3 el 13 de diciembre d\u00eda provincial por la Memoria por la Verdad y la Justicia, en homenaje a las v\u00edctimas de la Masacre de Margarita Bel\u00e9n, y con se instituye como d\u00eda no laborable\u201d, explic\u00f3 la diputada Gladis Cristaldo coautora de la iniciativa presentada por Nadia Garc\u00eda Amud.<\/p>\n\n\n\n<p>En este 2021 se conmemoran 44 a\u00f1os de la masacre de m\u00e1s de 20 presos y presas pol\u00edticas durante a finales del primer a\u00f1o de la \u00faltima dictadura c\u00edvico-militar. El 13 de diciembre de 1976 las Fuerzas Armadas junto con la Polic\u00eda de Chaco y el Poder Judicial, tras la masacre, quisieron hacer pasar un fusilamiento masivo como un \u201cenfrentamiento con subversivos\u201d.<\/p>\n","protected":false},"excerpt":{"rendered":"<p>Este mi\u00e9rcoles 8 y lunes 13 ser\u00e1n feriado nacional y asueto provincial. As\u00ed se establece desde el gobierno nacional y el provincial, respectivamente, por la celebraci\u00f3n en honor a la Inmaculada Concepci\u00f3n de la Sant\u00edsima Virgen Mar\u00eda y por el \u201cD\u00eda Provincial de la Memoria por la Verdad y la Justicia\u201d en rememoraci\u00f3n de las &hellip;<\/p>\n","protected":false},"author":2,"featured_media":22662,"comment_status":"open","ping_status":"open","sticky":false,"template":"","format":"standard","meta":{"_jetpack_memberships_contains_paid_content":false,"footnotes":"","jetpack_publicize_message":"","jetpack_publicize_feature_enabled":true,"jetpack_social_post_already_shared":true,"jetpack_social_options":{"image_generator_settings":{"template":"highway","default_image_id":0,"font":"","enabled":false},"version":2}},"categories":[28,5],"tags":[],"class_list":["post-45912","post","type-post","status-publish","format-standard","has-post-thumbnail","hentry","category-actualidad","category-chaco"],"jetpack_publicize_connections":[],"jetpack_featured_media_url":"https:\/\/portalmovil.com.ar\/wp-content\/uploads\/2021\/03\/90344954_2451771341801556_3155253580332531712_o.jpg","jetpack_sharing_enabled":true,"amp_enabled":true,"_links":{"self":[{"href":"https:\/\/portalmovil.com.ar\/index.php\/wp-json\/wp\/v2\/posts\/45912","targetHints":{"allow":["GET"]}}],"collection":[{"href":"https:\/\/portalmovil.com.ar\/index.php\/wp-json\/wp\/v2\/posts"}],"about":[{"href":"https:\/\/portalmovil.com.ar\/index.php\/wp-json\/wp\/v2\/types\/post"}],"author":[{"embeddable":true,"href":"https:\/\/portalmovil.com.ar\/index.php\/wp-json\/wp\/v2\/users\/2"}],"replies":[{"embeddable":true,"href":"https:\/\/portalmovil.com.ar\/index.php\/wp-json\/wp\/v2\/comments?post=45912"}],"version-history":[{"count":1,"href":"https:\/\/portalmovil.com.ar\/index.php\/wp-json\/wp\/v2\/posts\/45912\/revisions"}],"predecessor-version":[{"id":45913,"href":"https:\/\/portalmovil.com.ar\/index.php\/wp-json\/wp\/v2\/posts\/45912\/revisions\/45913"}],"wp:featuredmedia":[{"embeddable":true,"href":"https:\/\/portalmovil.com.ar\/index.php\/wp-json\/wp\/v2\/media\/22662"}],"wp:attachment":[{"href":"https:\/\/portalmovil.com.ar\/index.php\/wp-json\/wp\/v2\/media?parent=45912"}],"wp:term":[{"taxonomy":"category","embeddable":true,"href":"https:\/\/portalmovil.com.ar\/index.php\/wp-json\/wp\/v2\/categories?post=45912"},{"taxonomy":"post_tag","embeddable":true,"href":"https:\/\/portalmovil.com.ar\/index.php\/wp-json\/wp\/v2\/tags?post=45912"}],"curies":[{"name":"wp","href":"https:\/\/api.w.org\/{rel}","templated":true}]}}