{"id":45821,"date":"2021-12-04T14:38:24","date_gmt":"2021-12-04T17:38:24","guid":{"rendered":"https:\/\/portalmovil.com.ar\/?p=45821"},"modified":"2021-12-04T14:38:29","modified_gmt":"2021-12-04T17:38:29","slug":"dino-ortiz-el-recorte-presupuestario-a-las-universidades-es-otro-error-grosero-de-un-gobierno-nacional-sin-rumbo","status":"publish","type":"post","link":"https:\/\/portalmovil.com.ar\/index.php\/2021\/12\/04\/dino-ortiz-el-recorte-presupuestario-a-las-universidades-es-otro-error-grosero-de-un-gobierno-nacional-sin-rumbo\/","title":{"rendered":"Dino Ortiz: \u201cEl recorte presupuestario a las universidades es otro error grosero de un gobierno nacional sin rumbo\u201d"},"content":{"rendered":"\n<p>Recientemente el Gobierno Nacional envi\u00f3 al Congreso el Proyecto de Ley del Presupuesto 2022 y un dato curioso es que Alberto Fern\u00e1ndez prev\u00e9 una disminuci\u00f3n al dinero destinado a las Universidades del pa\u00eds para asignar a la ayuda social y al respecto el Concejal de la UCR-NEA Dino Ortiz Melgratti manifest\u00f3 \u201cel recorte presupuestario a las Universidades es otro error grosero de un Gobierno nacional sin rumbo\u201d.<\/p>\n\n\n\n<p>Agreg\u00f3 Ortiz Melgratti \u201ces impensable un pa\u00eds sin un sistema educativo superior de calidad y cantidad necesaria para competir en un mercado tan exigente como el actual. Las Universidades argentinas vienen sobreviviendo con un magro presupuesto que solo est\u00e1 destinado a pagar salarios y a la compra de insumos m\u00ednimos para el normal funcionamiento institucional\u201d.<\/p>\n\n\n\n<p>Sin rumbo.<\/p>\n\n\n\n<p>El Concejal de Resistencia adem\u00e1s record\u00f3 \u201cel Presidente Alberto Fern\u00e1ndez no encuentra el rumbo para su Gobierno e insiste en quitar fondos de \u00e1reas esenciales, como lo es la educaci\u00f3n superior, para destinar a la ayuda social que seg\u00fan datos estad\u00edsticos, de enero a agosto de este a\u00f1o, se gastaron alrededor de $ 12 mil millones sin alcanzar los resultados previstos, dado que la pobreza e indigencia se elevaron en forma exponencial en el mismo periodo\u201d.<\/p>\n\n\n\n<p>Finalmente expres\u00f3 Dino Ortiz Melgratti \u201crecientemente el pueblo argentino se pronunci\u00f3 en las urnas en contra de un modelo de Gobierno caracterizado por la incapacidad de gesti\u00f3n, el autoritarismo, la ausencia de di\u00e1logo y empat\u00eda. Se\u00f1or Presidente de los argentinos a\u00fan estamos a tiempo de corregir este grosero error que solo causar\u00e1 da\u00f1os irreparables a la educaci\u00f3n superior de nuestro pa\u00eds\u201d.<\/p>\n","protected":false},"excerpt":{"rendered":"<p>Recientemente el Gobierno Nacional envi\u00f3 al Congreso el Proyecto de Ley del Presupuesto 2022 y un dato curioso es que Alberto Fern\u00e1ndez prev\u00e9 una disminuci\u00f3n al dinero destinado a las Universidades del pa\u00eds para asignar a la ayuda social y al respecto el Concejal de la UCR-NEA Dino Ortiz Melgratti manifest\u00f3 \u201cel recorte presupuestario a &hellip;<\/p>\n","protected":false},"author":2,"featured_media":45822,"comment_status":"open","ping_status":"open","sticky":false,"template":"","format":"standard","meta":{"_jetpack_memberships_contains_paid_content":false,"footnotes":"","jetpack_publicize_message":"","jetpack_publicize_feature_enabled":true,"jetpack_social_post_already_shared":true,"jetpack_social_options":{"image_generator_settings":{"template":"highway","default_image_id":0,"font":"","enabled":false},"version":2}},"categories":[14],"tags":[],"class_list":["post-45821","post","type-post","status-publish","format-standard","has-post-thumbnail","hentry","category-politica"],"jetpack_publicize_connections":[],"jetpack_featured_media_url":"https:\/\/portalmovil.com.ar\/wp-content\/uploads\/2021\/12\/6VZHE2h.jpg","jetpack_sharing_enabled":true,"amp_enabled":true,"_links":{"self":[{"href":"https:\/\/portalmovil.com.ar\/index.php\/wp-json\/wp\/v2\/posts\/45821","targetHints":{"allow":["GET"]}}],"collection":[{"href":"https:\/\/portalmovil.com.ar\/index.php\/wp-json\/wp\/v2\/posts"}],"about":[{"href":"https:\/\/portalmovil.com.ar\/index.php\/wp-json\/wp\/v2\/types\/post"}],"author":[{"embeddable":true,"href":"https:\/\/portalmovil.com.ar\/index.php\/wp-json\/wp\/v2\/users\/2"}],"replies":[{"embeddable":true,"href":"https:\/\/portalmovil.com.ar\/index.php\/wp-json\/wp\/v2\/comments?post=45821"}],"version-history":[{"count":1,"href":"https:\/\/portalmovil.com.ar\/index.php\/wp-json\/wp\/v2\/posts\/45821\/revisions"}],"predecessor-version":[{"id":45823,"href":"https:\/\/portalmovil.com.ar\/index.php\/wp-json\/wp\/v2\/posts\/45821\/revisions\/45823"}],"wp:featuredmedia":[{"embeddable":true,"href":"https:\/\/portalmovil.com.ar\/index.php\/wp-json\/wp\/v2\/media\/45822"}],"wp:attachment":[{"href":"https:\/\/portalmovil.com.ar\/index.php\/wp-json\/wp\/v2\/media?parent=45821"}],"wp:term":[{"taxonomy":"category","embeddable":true,"href":"https:\/\/portalmovil.com.ar\/index.php\/wp-json\/wp\/v2\/categories?post=45821"},{"taxonomy":"post_tag","embeddable":true,"href":"https:\/\/portalmovil.com.ar\/index.php\/wp-json\/wp\/v2\/tags?post=45821"}],"curies":[{"name":"wp","href":"https:\/\/api.w.org\/{rel}","templated":true}]}}