{"id":45797,"date":"2021-12-03T18:43:38","date_gmt":"2021-12-03T21:43:38","guid":{"rendered":"https:\/\/portalmovil.com.ar\/?p=45797"},"modified":"2021-12-03T18:43:42","modified_gmt":"2021-12-03T21:43:42","slug":"comerciantes-de-villa-angela-denuncian-amenazas-e-intimidaciones-por-parte-del-gremio-de-camioneros","status":"publish","type":"post","link":"https:\/\/portalmovil.com.ar\/index.php\/2021\/12\/03\/comerciantes-de-villa-angela-denuncian-amenazas-e-intimidaciones-por-parte-del-gremio-de-camioneros\/","title":{"rendered":"Comerciantes de Villa \u00c1ngela denuncian amenazas e intimidaciones por parte del gremio de Camioneros"},"content":{"rendered":"\n<p>Con el respaldo de la Federaci\u00f3n Econ\u00f3mica del Chaco, autoridades de la C\u00e1mara de Comercio de Villa \u00c1ngela expresaron su preocupaci\u00f3n por amenazas e intimidaciones que recibi\u00f3 un comerciante de la localidad.<\/p>\n\n\n\n<p>De acuerdo a lo explicado por la instituci\u00f3n, un asociado, tuvo que ir a la Justicia para que intervenga en un bloqueo en su empresa y amenazas a \u00e9l y su familia por parte de integrantes del Sindicato de Camioneros.<\/p>\n\n\n\n<p>\u201cEl comerciante siente miedo por su integridad y la de su familia por los reiterados atropellos de los gremios y est\u00e1 pensando en cerrar su negocio\u201d, indicaron desde la C\u00e1mara de Comercio local.<\/p>\n\n\n\n<p>En ese marco, afirmaron: \u201cSe espera la protecci\u00f3n de la justicia a las personas que trabajan\u201d.<\/p>\n\n\n\n<p>El reclamo de Camioneros resulta infundado ya que los empleados se encuentran correctamente afiliados al Centro de Empleados de Comercio e Industria de Villa \u00c1ngela.&nbsp;<\/p>\n\n\n\n<p>De esta manera, desde FECHACO y la instituci\u00f3n que respalda los intereses del comerciante de Villa \u00c1ngela solicitan la intervenci\u00f3n del Poder Judicial, el Ministerio de Seguridad de la provincia y organismos que le competen para que la actividad econ\u00f3mica de la ciudad siga desarroll\u00e1ndose con tranquilidad y genere empleo.<\/p>\n","protected":false},"excerpt":{"rendered":"<p>Con el respaldo de la Federaci\u00f3n Econ\u00f3mica del Chaco, autoridades de la C\u00e1mara de Comercio de Villa \u00c1ngela expresaron su preocupaci\u00f3n por amenazas e intimidaciones que recibi\u00f3 un comerciante de la localidad. De acuerdo a lo explicado por la instituci\u00f3n, un asociado, tuvo que ir a la Justicia para que intervenga en un bloqueo en &hellip;<\/p>\n","protected":false},"author":2,"featured_media":45798,"comment_status":"open","ping_status":"open","sticky":false,"template":"","format":"standard","meta":{"_jetpack_memberships_contains_paid_content":false,"footnotes":"","jetpack_publicize_message":"","jetpack_publicize_feature_enabled":true,"jetpack_social_post_already_shared":true,"jetpack_social_options":{"image_generator_settings":{"template":"highway","default_image_id":0,"font":"","enabled":false},"version":2}},"categories":[5,42],"tags":[],"class_list":["post-45797","post","type-post","status-publish","format-standard","has-post-thumbnail","hentry","category-chaco","category-interior"],"jetpack_publicize_connections":[],"jetpack_featured_media_url":"https:\/\/portalmovil.com.ar\/wp-content\/uploads\/2021\/12\/protesta-696x388-1.jpg","jetpack_sharing_enabled":true,"amp_enabled":true,"_links":{"self":[{"href":"https:\/\/portalmovil.com.ar\/index.php\/wp-json\/wp\/v2\/posts\/45797","targetHints":{"allow":["GET"]}}],"collection":[{"href":"https:\/\/portalmovil.com.ar\/index.php\/wp-json\/wp\/v2\/posts"}],"about":[{"href":"https:\/\/portalmovil.com.ar\/index.php\/wp-json\/wp\/v2\/types\/post"}],"author":[{"embeddable":true,"href":"https:\/\/portalmovil.com.ar\/index.php\/wp-json\/wp\/v2\/users\/2"}],"replies":[{"embeddable":true,"href":"https:\/\/portalmovil.com.ar\/index.php\/wp-json\/wp\/v2\/comments?post=45797"}],"version-history":[{"count":1,"href":"https:\/\/portalmovil.com.ar\/index.php\/wp-json\/wp\/v2\/posts\/45797\/revisions"}],"predecessor-version":[{"id":45799,"href":"https:\/\/portalmovil.com.ar\/index.php\/wp-json\/wp\/v2\/posts\/45797\/revisions\/45799"}],"wp:featuredmedia":[{"embeddable":true,"href":"https:\/\/portalmovil.com.ar\/index.php\/wp-json\/wp\/v2\/media\/45798"}],"wp:attachment":[{"href":"https:\/\/portalmovil.com.ar\/index.php\/wp-json\/wp\/v2\/media?parent=45797"}],"wp:term":[{"taxonomy":"category","embeddable":true,"href":"https:\/\/portalmovil.com.ar\/index.php\/wp-json\/wp\/v2\/categories?post=45797"},{"taxonomy":"post_tag","embeddable":true,"href":"https:\/\/portalmovil.com.ar\/index.php\/wp-json\/wp\/v2\/tags?post=45797"}],"curies":[{"name":"wp","href":"https:\/\/api.w.org\/{rel}","templated":true}]}}